{"id":1557257,"date":"2025-08-15T08:11:18","date_gmt":"2025-08-15T06:11:18","guid":{"rendered":"https:\/\/laboklin.de\/?p=1557257"},"modified":"2025-09-03T11:40:33","modified_gmt":"2025-09-03T09:40:33","slug":"fuer-sie-gelesen-33-kw-2025","status":"publish","type":"post","link":"https:\/\/laboklin.de\/de\/fuer-sie-gelesen-33-kw-2025\/","title":{"rendered":"33. KW 2025"},"content":{"rendered":"<div class=\"wpb-content-wrapper\"><p>[vc_row][vc_column][vc_column_text css=&#8220;&#8220;]<\/p>\n<h3>Myxomatose wird auch f\u00fcr Hasen zur gro\u00dfen Gefahr<\/h3>\n<p>Durch direkten Kontakt oder blutsaugende Insekten schnell \u00fcbertragen, ging eine Infektion bisher mit hohen Verlusten bei Kaninchen einher. Eine Virus-Variante f\u00fchrt auch zu einer ungew\u00f6hnlich hohen Anzahl toter Feldhasen. Achtung ist besonders um Wien, in NRW, Niedersachsen und Schleswig-Holstein geboten:[\/vc_column_text]<style type=\"text\/css\" data-type=\"the7_shortcodes-inline-css\">#default-btn-86aeb8357b3acb297e65924f8e390030.ico-right-side > i {\n  margin-right: 0px;\n  margin-left: 8px;\n}\n#default-btn-86aeb8357b3acb297e65924f8e390030 > i {\n  margin-right: 8px;\n}<\/style><a href=\"https:\/\/www.ndr.de\/nachrichten\/schleswig-holstein\/aggressiver-kaninchenpestvirus-in-dithmarschen-nachgewiesen,regionheidenews-472.html\" class=\"default-btn-shortcode dt-btn dt-btn-m link-hover-off btn-inline-left  vc_custom_1755525395261\" target=\"_blank\" id=\"default-btn-86aeb8357b3acb297e65924f8e390030\" title=\"NDR | Kaninchenpest in SH: Erstmals F\u00e4lle bei Feldhasen nachgewiesen\" rel=\"noopener\"><span>NDR | Kaninchenpest in SH: Erstmals F\u00e4lle bei Feldhasen nachgewiesen<\/span><\/a><style type=\"text\/css\" data-type=\"the7_shortcodes-inline-css\">#default-btn-3a352746337c2d838fef816502322527.ico-right-side > i {\n  margin-right: 0px;\n  margin-left: 8px;\n}\n#default-btn-3a352746337c2d838fef816502322527 > i {\n  margin-right: 8px;\n}<\/style><a href=\"https:\/\/www.vetmeduni.ac.at\/universitaet\/infoservice\/news\/news-detail\/myxomatose-ausbruch-in-oesterreich\" class=\"default-btn-shortcode dt-btn dt-btn-m link-hover-off btn-inline-left  vc_custom_1755525426222\" target=\"_blank\" id=\"default-btn-3a352746337c2d838fef816502322527\" title=\"vetmeduni.ac.at | Myxomatose-Ausbruch in \u00d6sterreich\" rel=\"noopener\"><span>vetmeduni.ac.at | Myxomatose-Ausbruch in \u00d6sterreich<\/span><\/a>[vc_separator color=&#8220;custom&#8220; align=&#8220;align_left&#8220; el_width=&#8220;80&#8243; css=&#8220;.vc_custom_1667814746487{margin-top: 10px !important;margin-bottom: 20px !important;}&#8220; accent_color=&#8220;#e51e1e&#8220;][vc_column_text css=&#8220;&#8220;]<\/p>\n<h3>Milzbrand-Ausbruch in Kroatien<\/h3>\n<p>In S\u00fcdkroatien sind mehrere Rinder an einer Infektion mit dem sehr gef\u00e4hrlichen, als Biowaffe einsetzbaren, Bakterium <em>Bacillus anthracis<\/em> verendet. Milzbrand ist auch f\u00fcr Menschen t\u00f6dlich, daher wird dringend zur Vorsicht geraten! \u00dcbertragen wird der Erreger durch direkten Kontakt mit infizierten Tieren oder deren Produkte.[\/vc_column_text]<style type=\"text\/css\" data-type=\"the7_shortcodes-inline-css\">#default-btn-21ce316f43141b06affab0600f9fa777.ico-right-side > i {\n  margin-right: 0px;\n  margin-left: 8px;\n}\n#default-btn-21ce316f43141b06affab0600f9fa777 > i {\n  margin-right: 8px;\n}<\/style><a href=\"https:\/\/www.krone.at\/3849047\" class=\"default-btn-shortcode dt-btn dt-btn-m link-hover-off btn-inline-left  vc_custom_1755525713783\" target=\"_blank\" id=\"default-btn-21ce316f43141b06affab0600f9fa777\" title=\"Kronen Zeitung | Milzbrand-Ausbruch in Kroatien: \u201eLage kritisch\u201c\" rel=\"noopener\"><span>Kronen Zeitung | Milzbrand-Ausbruch in Kroatien: \u201eLage kritisch\u201c<\/span><\/a>[vc_separator color=&#8220;custom&#8220; align=&#8220;align_left&#8220; el_width=&#8220;80&#8243; css=&#8220;.vc_custom_1667814746487{margin-top: 10px !important;margin-bottom: 20px !important;}&#8220; accent_color=&#8220;#e51e1e&#8220;][vc_column_text css=&#8220;&#8220;]<\/p>\n<h3><span style=\"color: #0000ff;\">Toxoplasmose \u2013 auch f\u00fcr M\u00e4nner ein Thema<\/span><\/h3>\n<p>Forschende fanden heraus, dass <em>Toxoplasma gondii<\/em> m\u00e4nnliche Geschlechtsorgane bef\u00e4llt und Spermien zerst\u00f6rt. Eine Infektion ist also nicht nur Schwangere gef\u00e4hrlich. Hier geht es zum Artikel:[\/vc_column_text]<style type=\"text\/css\" data-type=\"the7_shortcodes-inline-css\">#default-btn-d66bc7960a19d2fd78141bb877fcb825.ico-right-side > i {\n  margin-right: 0px;\n  margin-left: 8px;\n}\n#default-btn-d66bc7960a19d2fd78141bb877fcb825 > i {\n  margin-right: 8px;\n}<\/style><a href=\"https:\/\/www.aphis.usda.gov\/news\/program-update\/aphis-confirms-h7n9-highly-pathogenic-avian-influenza-hpai-us-flock\" class=\"default-btn-shortcode dt-btn dt-btn-m link-hover-off btn-inline-left  vc_custom_1755525826309\" target=\"_blank\" id=\"default-btn-d66bc7960a19d2fd78141bb877fcb825\" title=\"EN | FEBS Journal | Adverse impact of acute Toxoplasma gondii infection onhuman spermatozoa\" rel=\"noopener\"><span>EN | FEBS Journal | Adverse impact of acute Toxoplasma gondii infection onhuman spermatozoa<\/span><\/a>[vc_separator color=&#8220;custom&#8220; align=&#8220;align_left&#8220; el_width=&#8220;80&#8243; css=&#8220;.vc_custom_1667814746487{margin-top: 10px !important;margin-bottom: 20px !important;}&#8220; accent_color=&#8220;#e51e1e&#8220;][vc_column_text css=&#8220;&#8220;]<\/p>\n<h3>Sportsgeist mal anders \u2013 Jakobskreuzkraut-Challenge<\/h3>\n<p>Eine Aufnahme geringer Mengen Jakobskreuzkraut \u00fcber l\u00e4ngere Zeitr\u00e4ume, besonders \u00fcber Heu und Silage, kann f\u00fcr Pferde und Wiederk\u00e4uer sogar t\u00f6dlich enden. Um der Ausbreitung der Pflanze Herr zu werden, wurde eine ungew\u00f6hnliche Aktion ins Leben gerufen.[\/vc_column_text]<style type=\"text\/css\" data-type=\"the7_shortcodes-inline-css\">#default-btn-51518f87f24acc903e9fb6b2c44f76bb.ico-right-side > i {\n  margin-right: 0px;\n  margin-left: 8px;\n}\n#default-btn-51518f87f24acc903e9fb6b2c44f76bb > i {\n  margin-right: 8px;\n}<\/style><a href=\"https:\/\/landvolk.net\/lpdartikel\/giftiges-jakobskreuzkraut-breitet-sich-weiter-aus\/\" class=\"default-btn-shortcode dt-btn dt-btn-m link-hover-off btn-inline-left  vc_custom_1755525919772\" target=\"_blank\" id=\"default-btn-51518f87f24acc903e9fb6b2c44f76bb\" title=\"landvolk.net | Giftiges Jakobskreuzkraut breitet sich weiter aus\" rel=\"noopener\"><span>landvolk.net | Giftiges Jakobskreuzkraut breitet sich weiter aus<\/span><\/a>[vc_column_text css=&#8220;&#8220;]<strong>Psst!<\/strong> Wir bei Laboklin k\u00f6nnen das Gift nachweisen![\/vc_column_text][vc_separator color=&#8220;custom&#8220; align=&#8220;align_left&#8220; el_width=&#8220;80&#8243; css=&#8220;.vc_custom_1667814746487{margin-top: 10px !important;margin-bottom: 20px !important;}&#8220; accent_color=&#8220;#e51e1e&#8220;][vc_column_text css=&#8220;&#8220;]<\/p>\n<h4><span style=\"color: #000000;\"><strong>Von Experten \u2013 f\u00fcr Experten<\/strong><\/span><\/h4>\n<h3><span style=\"color: #0000ff;\">Spannende Daten aus eigenem Hause \u2013 was ist drin im Katzenkot?<\/span><\/h3>\n<p>Viele Katzen werden seltener entwurmt als Hunde und als es die ESCCAP empfiehlt. Dabei k\u00f6nnen sie ihre Umwelt mit ihrem ggf. infizierten Kot noch besser verschmutzen, da ihre Hinterlassenschaften in der Regel nicht von Frauchen und Herrchen entfernt werden. Was alles im Katzenkot kreucht und fleucht, lesen Sie in einer aktuellen Publikation aus unserem Hause:[\/vc_column_text]<style type=\"text\/css\" data-type=\"the7_shortcodes-inline-css\">#default-btn-93b95ef534ee111a6617372113fc9a23.ico-right-side > i {\n  margin-right: 0px;\n  margin-left: 8px;\n}\n#default-btn-93b95ef534ee111a6617372113fc9a23 > i {\n  margin-right: 8px;\n}<\/style><a href=\"https:\/\/link.springer.com\/article\/10.1007\/s00436-025-08542-9\" class=\"default-btn-shortcode dt-btn dt-btn-m link-hover-off btn-inline-left  vc_custom_1755526047915\" target=\"_blank\" id=\"default-btn-93b95ef534ee111a6617372113fc9a23\" title=\"SpringerNature | Outcome of parasitological examinations in cats in Germany...\" rel=\"noopener\"><span>EN | SpringerNature | Outcome of parasitological examinations in cats in Germany&#8230;<\/span><\/a>[vc_column_text css=&#8220;&#8220;]<\/p>\n<h3>1. TFA-Convention in Augsburg<\/h3>\n<p>Ein Tag \u2013 5 Themenbl\u00f6cke, da ist f\u00fcr jeden etwas dabei! Ein ganzer Tag gef\u00fcllt mit praxisrelevantem und hochaktuellem Wissen \u2013 f\u00fcr Ihre TFAs! Am Samstag, dem 11. Oktober ab 8:30 Uhr haben stehen sie vor der Qual der Wahl. Weitere Informationen und die Anmeldung finden Sie hier:[\/vc_column_text]<style type=\"text\/css\" data-type=\"the7_shortcodes-inline-css\">#default-btn-186e3e5c0e4327f5dccd3dbb503d0a54.ico-right-side > i {\n  margin-right: 0px;\n  margin-left: 8px;\n}\n#default-btn-186e3e5c0e4327f5dccd3dbb503d0a54 > i {\n  margin-right: 8px;\n}<\/style><a href=\"https:\/\/akademie.laboklin.com\/laboklin-gmbh-cokg\/buchungsportal\/seminarreihe\/1-tfa-vet-convention-augsburg-79594e6c8a544e29a1c4a99c19d973c6\" class=\"default-btn-shortcode dt-btn dt-btn-m link-hover-off btn-inline-left  vc_custom_1755526329638\" target=\"_blank\" id=\"default-btn-186e3e5c0e4327f5dccd3dbb503d0a54\" title=\"Akademie LABOKLIN | 1. TFA Vet-Convention\" rel=\"noopener\"><span>Akademie LABOKLIN | 1. TFA Vet-Convention<\/span><\/a>[vc_column_text css=&#8220;&#8220;]<\/p>\n<h3>Labornews kompakt<\/h3>\n<p>F\u00fcr die, die kurz informiert und auf den neusten Stand in Sachen Labordiagnostik gebracht werden wollen, haben wir die passende Veranstaltung am Abend des 1.10. 2025 in D\u00fcsseldorf. Ab 18:30 Uhr gibt Dr. Jennifer von Luckner ein Update, inkl. ATF-Anerkennung! Mehr dazu:[\/vc_column_text]<style type=\"text\/css\" data-type=\"the7_shortcodes-inline-css\">#default-btn-760f718758f4aa40ba27128fb1dad89b.ico-right-side > i {\n  margin-right: 0px;\n  margin-left: 8px;\n}\n#default-btn-760f718758f4aa40ba27128fb1dad89b > i {\n  margin-right: 8px;\n}<\/style><a href=\"https:\/\/akademie.laboklin.com\/laboklin-gmbh-cokg\/buchungsportal\/labormedizin-dusseldorf-718f2b7df25946538a72974827f495e3\" class=\"default-btn-shortcode dt-btn dt-btn-m link-hover-off btn-inline-left  vc_custom_1755526411117\" target=\"_blank\" id=\"default-btn-760f718758f4aa40ba27128fb1dad89b\" title=\"Akademie LABOKLIN | Labormedizin | D\u00fcsseldorf\" rel=\"noopener\"><span>Akademie LABOKLIN | Labormedizin | D\u00fcsseldorf<\/span><\/a>[\/vc_column][\/vc_row]<\/p>\n<\/div>","protected":false},"excerpt":{"rendered":"<p>+ Myxomatose wird auch f\u00fcr Hasen zur gro\u00dfen Gefahr<br \/>\n+ Milzbrand-Ausbruch in Kroatien<br \/>\n+ Toxoplasmose \u2013 auch f\u00fcr M\u00e4nner ein Thema<br \/>\n+ Sportsgeist mal anders \u2013 Jakobskreuzkraut-Challenge<br \/>\n+ Spannende Daten aus eigenem Hause \u2013 was ist drin im Katzenkot?<br \/>\n+ 1. TFA-Convention in Augsburg<br \/>\n+ Labornews kompakt<\/p>\n","protected":false},"author":1,"featured_media":1557281,"comment_status":"closed","ping_status":"closed","sticky":false,"template":"","format":"standard","meta":{"_seopress_robots_primary_cat":"none","_seopress_titles_title":"%%post_title%%","_seopress_titles_desc":"%%post_excerpt%%","_seopress_robots_index":"","footnotes":""},"categories":[87],"tags":[],"class_list":["post-1557257","post","type-post","status-publish","format-standard","has-post-thumbnail","hentry","category-laboklin-fuersiegelesen","category-87","description-off"],"_links":{"self":[{"href":"https:\/\/laboklin.de\/de\/wp-json\/wp\/v2\/posts\/1557257","targetHints":{"allow":["GET"]}}],"collection":[{"href":"https:\/\/laboklin.de\/de\/wp-json\/wp\/v2\/posts"}],"about":[{"href":"https:\/\/laboklin.de\/de\/wp-json\/wp\/v2\/types\/post"}],"author":[{"embeddable":true,"href":"https:\/\/laboklin.de\/de\/wp-json\/wp\/v2\/users\/1"}],"replies":[{"embeddable":true,"href":"https:\/\/laboklin.de\/de\/wp-json\/wp\/v2\/comments?post=1557257"}],"version-history":[{"count":5,"href":"https:\/\/laboklin.de\/de\/wp-json\/wp\/v2\/posts\/1557257\/revisions"}],"predecessor-version":[{"id":1557280,"href":"https:\/\/laboklin.de\/de\/wp-json\/wp\/v2\/posts\/1557257\/revisions\/1557280"}],"wp:featuredmedia":[{"embeddable":true,"href":"https:\/\/laboklin.de\/de\/wp-json\/wp\/v2\/media\/1557281"}],"wp:attachment":[{"href":"https:\/\/laboklin.de\/de\/wp-json\/wp\/v2\/media?parent=1557257"}],"wp:term":[{"taxonomy":"category","embeddable":true,"href":"https:\/\/laboklin.de\/de\/wp-json\/wp\/v2\/categories?post=1557257"},{"taxonomy":"post_tag","embeddable":true,"href":"https:\/\/laboklin.de\/de\/wp-json\/wp\/v2\/tags?post=1557257"}],"curies":[{"name":"wp","href":"https:\/\/api.w.org\/{rel}","templated":true}]}}