{"id":1496937,"date":"2024-12-06T09:28:27","date_gmt":"2024-12-06T08:28:27","guid":{"rendered":"https:\/\/laboklin.de\/?p=1496937"},"modified":"2024-12-09T09:49:18","modified_gmt":"2024-12-09T08:49:18","slug":"49-kw-2024","status":"publish","type":"post","link":"https:\/\/laboklin.de\/de\/49-kw-2024\/","title":{"rendered":"49. KW 2024"},"content":{"rendered":"<div class=\"wpb-content-wrapper\"><p>[vc_row][vc_column][vc_column_text css=&#8220;&#8220;]<\/p>\n<h3>Cave Hase: Rekordjahr 2024 f\u00fcr Tular\u00e4mie<\/h3>\n<p>2024 war ein gutes Jahr \u2013 zumindest f\u00fcr die Hasenpest. Besonders in Bayern, aber auch deutschlandweit sind die Infektionszahlen bereits jetzt auf Rekordniveau. Zunehmend spielt die \u00dcbertragung durch Zecken eine Rolle. BR24 berichtet dar\u00fcber:[\/vc_column_text]<style type=\"text\/css\" data-type=\"the7_shortcodes-inline-css\">#default-btn-1840d50b9fad961f40bce8c47cd2bc87.ico-right-side > i {\n  margin-right: 0px;\n  margin-left: 8px;\n}\n#default-btn-1840d50b9fad961f40bce8c47cd2bc87 > i {\n  margin-right: 8px;\n}<\/style><a href=\"https:\/\/www.br.de\/nachrichten\/bayern\/hasenpest-faelle-auf-rekordniveau-drei-jaeger-infiziert,UVPr7NQ\" class=\"default-btn-shortcode dt-btn dt-btn-m link-hover-off btn-inline-left  vc_custom_1733487818417\" target=\"_blank\" id=\"default-btn-1840d50b9fad961f40bce8c47cd2bc87\" title=\"br.de | Hasenpest-F\u00e4lle auf Rekordniveau: Drei J\u00e4ger infiziert\" rel=\"noopener\"><span>br.de | Hasenpest-F\u00e4lle auf Rekordniveau: Drei J\u00e4ger infiziert<\/span><\/a>[vc_column_text css=&#8220;&#8220;]Und das bayerische Landesamt f\u00fcr Gesundheit und Lebensmittelsicherheit bietet frisch aktualisierte Daten und Fakten dazu auf seiner Website:[\/vc_column_text]<style type=\"text\/css\" data-type=\"the7_shortcodes-inline-css\">#default-btn-47d08f3a598cbfa4cabbe95c24509536.ico-right-side > i {\n  margin-right: 0px;\n  margin-left: 8px;\n}\n#default-btn-47d08f3a598cbfa4cabbe95c24509536 > i {\n  margin-right: 8px;\n}<\/style><a href=\"https:\/\/www.lgl.bayern.de\/tiergesundheit\/tierkrankheiten\/bakterielle_pilzinfektionen\/tularaemie\/index.htm\" class=\"default-btn-shortcode dt-btn dt-btn-m link-hover-off btn-inline-left  vc_custom_1733487877392\" target=\"_blank\" id=\"default-btn-47d08f3a598cbfa4cabbe95c24509536\" title=\"lgl.bayern.de | Tular\u00e4mie (auch Hasenpest oder Nagerpest)\" rel=\"noopener\"><span>lgl.bayern.de | Tular\u00e4mie (auch Hasenpest oder Nagerpest)<\/span><\/a>[vc_separator color=&#8220;custom&#8220; align=&#8220;align_left&#8220; el_width=&#8220;80&#8243; css=&#8220;.vc_custom_1667814746487{margin-top: 10px !important;margin-bottom: 20px !important;}&#8220; accent_color=&#8220;#e51e1e&#8220;][vc_column_text css=&#8220;&#8220;]<\/p>\n<h3>H5N1 bei Minderj\u00e4hrigen nachgewiesen<\/h3>\n<div>\n<div>Das hochpathogene H5N1-Virus bef\u00e4llt neben V\u00f6geln auch S\u00e4ugetiere und wurde bei adulten Mitarbeitenden in Milchviehbetrieben nachgewiesen. Nun ist auch ein Kind erkrankt, das Virus sei mutiert und habe sich angepasst sagen die Virologen. Das \u00c4rzteblatt schreibt:<\/div>\n<\/div>\n<p>[\/vc_column_text]<style type=\"text\/css\" data-type=\"the7_shortcodes-inline-css\">#default-btn-db1352f190dca68cabf28f11155b12fd.ico-right-side > i {\n  margin-right: 0px;\n  margin-left: 8px;\n}\n#default-btn-db1352f190dca68cabf28f11155b12fd > i {\n  margin-right: 8px;\n}<\/style><a href=\"https:\/\/www.aerzteblatt.de\/nachrichten\/155944\/Kind-und-Teenager-in-Nordamerika-mit-Vogelgrippe-infiziert\" class=\"default-btn-shortcode dt-btn dt-btn-m link-hover-off btn-inline-left  vc_custom_1733487926832\" target=\"_blank\" id=\"default-btn-db1352f190dca68cabf28f11155b12fd\" title=\"aerzteblatt.de | Kind und Teenager in Nordamerika mit Vogelgrippe infiziert\" rel=\"noopener\"><span>aerzteblatt.de | Kind und Teenager in Nordamerika mit Vogelgrippe infiziert<\/span><\/a>[vc_separator color=&#8220;custom&#8220; align=&#8220;align_left&#8220; el_width=&#8220;80&#8243; css=&#8220;.vc_custom_1667814746487{margin-top: 10px !important;margin-bottom: 20px !important;}&#8220; accent_color=&#8220;#e51e1e&#8220;][vc_column_text css=&#8220;&#8220;]<\/p>\n<h3>Wertvolle Altersweisheit<\/h3>\n<div>Nicht nur der Mensch, auch Tiere profitieren vom Wissen der Alten. Warum alte Exemplare langlebiger Tierarten nicht nur f\u00fcr die Art, sondern auch f\u00fcr die Stabilit\u00e4t von \u00d6kosystemen wichtig sind, beschreibt ein Artikel der Frankfurter Allgemeinen:<\/div>\n<p>[\/vc_column_text]<style type=\"text\/css\" data-type=\"the7_shortcodes-inline-css\">#default-btn-ee80994bea3832409f88bb614d55fd39.ico-right-side > i {\n  margin-right: 0px;\n  margin-left: 8px;\n}\n#default-btn-ee80994bea3832409f88bb614d55fd39 > i {\n  margin-right: 8px;\n}<\/style><a href=\"https:\/\/www.faz.net\/aktuell\/wissen\/leben-gene\/der-wert-der-uralten-110134333.html\" class=\"default-btn-shortcode dt-btn dt-btn-m link-hover-off btn-inline-left  vc_custom_1733487976695\" target=\"_blank\" id=\"default-btn-ee80994bea3832409f88bb614d55fd39\" title=\"faz.net | Der Wert der Uralten\" rel=\"noopener\"><span>faz.net | Der Wert der Uralten<\/span><\/a>[vc_separator color=&#8220;custom&#8220; align=&#8220;align_left&#8220; el_width=&#8220;80&#8243; css=&#8220;.vc_custom_1667814746487{margin-top: 10px !important;margin-bottom: 20px !important;}&#8220; accent_color=&#8220;#e51e1e&#8220;][vc_column_text css=&#8220;&#8220;]<\/p>\n<h3>Tarifverhandlungen zwischen bpt und dem Verband medizinischer Fachberufe<\/h3>\n<div>Der Bundesverband der praktizierenden Tier\u00e4rzte und der Verband medizinscher Fachberufe e. V. fanden zu keiner Einigung. Wann und wie es nun weitergeht, ist noch unklar. Woran es lag, erl\u00e4utern folgende beide Seiten in Pressemitteilungen:<\/div>\n<p>[\/vc_column_text]<style type=\"text\/css\" data-type=\"the7_shortcodes-inline-css\">#default-btn-851d90079f6b4b5bccc2466dc0df4a0c.ico-right-side > i {\n  margin-right: 0px;\n  margin-left: 8px;\n}\n#default-btn-851d90079f6b4b5bccc2466dc0df4a0c > i {\n  margin-right: 8px;\n}<\/style><a href=\"https:\/\/www.tieraerzteverband.de\/bpt\/presseservice\/meldungen\/2024\/2024_11_15_Tarifverhandlungen-gescheitert.php\" class=\"default-btn-shortcode dt-btn dt-btn-m link-hover-off btn-inline-left  vc_custom_1733488088678\" target=\"_blank\" id=\"default-btn-851d90079f6b4b5bccc2466dc0df4a0c\" title=\"tieraerzteverband.de | Vorerst kein Tarifvertrag f\u00fcr TFA\" rel=\"noopener\"><span>tieraerzteverband.de | Vorerst kein Tarifvertrag f\u00fcr TFA<\/span><\/a><style type=\"text\/css\" data-type=\"the7_shortcodes-inline-css\">#default-btn-c231478a308b89f06d72a46614d9a552.ico-right-side > i {\n  margin-right: 0px;\n  margin-left: 8px;\n}\n#default-btn-c231478a308b89f06d72a46614d9a552 > i {\n  margin-right: 8px;\n}<\/style><a href=\"https:\/\/www.vmf-online.de\/verband\/presse-news\/2024-11-26-tarif-tfa\" class=\"default-btn-shortcode dt-btn dt-btn-m link-hover-off btn-inline-left  vc_custom_1733488114621\" target=\"_blank\" id=\"default-btn-c231478a308b89f06d72a46614d9a552\" title=\"vmf-online.de | TFA-Tarifverhandlungen scheitern\" rel=\"noopener\"><span>vmf-online.de | TFA-Tarifverhandlungen scheitern<\/span><\/a>[vc_separator color=&#8220;custom&#8220; align=&#8220;align_left&#8220; el_width=&#8220;80&#8243; css=&#8220;.vc_custom_1667814746487{margin-top: 10px !important;margin-bottom: 20px !important;}&#8220; accent_color=&#8220;#e51e1e&#8220;][vc_column_text css=&#8220;&#8220;]<\/p>\n<h3><span style=\"color: #0000ff;\">Passt schon! \u2013 EN<\/span><\/h3>\n<div>Welche Taktik wenden Katzen an, wenn sie sich durch enge Durchg\u00e4nge bewegen m\u00f6chten: Verlassen sie sich auf ihr K\u00f6rperempfinden oder geht\u2019s nach dem \u201eTry-and-Error-Prinzip\u201c? Eine auf Science Direct ver\u00f6ffentlichte Studie geht der Frage nach:<\/div>\n<p>[\/vc_column_text]<style type=\"text\/css\" data-type=\"the7_shortcodes-inline-css\">#default-btn-3296999ef067a7e81b588ef4bc4493a8.ico-right-side > i {\n  margin-right: 0px;\n  margin-left: 8px;\n}\n#default-btn-3296999ef067a7e81b588ef4bc4493a8 > i {\n  margin-right: 8px;\n}<\/style><a href=\"https:\/\/www.sciencedirect.com\/science\/article\/pii\/S2589004224020248\" class=\"default-btn-shortcode dt-btn dt-btn-m link-hover-off btn-inline-left  vc_custom_1733733986758\" target=\"_blank\" id=\"default-btn-3296999ef067a7e81b588ef4bc4493a8\" title=\"EN | iScience | Cats are (almost) liquid!\" rel=\"noopener\"><span>EN | iScience | Cats are (almost) liquid!<\/span><\/a>[vc_separator color=&#8220;custom&#8220; align=&#8220;align_left&#8220; el_width=&#8220;80&#8243; css=&#8220;.vc_custom_1667814746487{margin-top: 10px !important;margin-bottom: 20px !important;}&#8220; accent_color=&#8220;#e51e1e&#8220;][vc_column_text css=&#8220;&#8220;]<\/p>\n<h4><span style=\"color: #000000;\"><strong>Von Experten \u2013 f\u00fcr Experten<\/strong><\/span><\/h4>\n<h3>Bringen Sie sich zu Jahresanfang auf den neusten Stand der Kleins\u00e4ugermedizin!<\/h3>\n<p>Am\u00a0<strong>21.01.2025 in Stuttgart\u00a0<\/strong>oder am\u00a0<strong>22.01.2025 in Aschheim<\/strong>\u00a0werden Sie mit den Referentinnen Dr. Jutta Hein und Jana Liebscher \u00fcber brandaktuelle und praxisrelevante Themen der Kleins\u00e4ugermedizin sprechen. Freuen Sie sich auf eine rege Diskussion zu Otitis, Enzephalitozoonose, Schilddr\u00fcse, Impfungen, Nieren und vielem mehr!<\/p>\n<p>Weitere Informationen finden Sie hier:[\/vc_column_text]<style type=\"text\/css\" data-type=\"the7_shortcodes-inline-css\">#default-btn-f92b18afde65987b4d3ebc8f7013f564.ico-right-side > i {\n  margin-right: 0px;\n  margin-left: 8px;\n}\n#default-btn-f92b18afde65987b4d3ebc8f7013f564 > i {\n  margin-right: 8px;\n}<\/style><a href=\"https:\/\/app.seminarmanagercloud.de\/laboklin-gmbh-cokg\/buchungsportal\/kleinsaugermedizin-stuttgart-6d6980fbab974caba1716c04f88e67c1\" class=\"default-btn-shortcode dt-btn dt-btn-m link-hover-off btn-inline-left  vc_custom_1733488404155\" target=\"_blank\" id=\"default-btn-f92b18afde65987b4d3ebc8f7013f564\" title=\"LABOKLIN | Kleins\u00e4ugermedizin - Stuttgart\" rel=\"noopener\"><span>LABOKLIN | Kleins\u00e4ugermedizin &#8211; Stuttgart<\/span><\/a>[vc_separator color=&#8220;custom&#8220; align=&#8220;align_left&#8220; el_width=&#8220;80&#8243; css=&#8220;.vc_custom_1667814746487{margin-top: 10px !important;margin-bottom: 20px !important;}&#8220; accent_color=&#8220;#e51e1e&#8220;][\/vc_column][\/vc_row]<\/p>\n<\/div>","protected":false},"excerpt":{"rendered":"<p>+ Cave Hase: Rekordjahr 2024 f\u00fcr Tular\u00e4mie<br \/>\n+ H5N1 bei Minderj\u00e4hrigen nachgewiesen<br \/>\n+ Wertvolle Altersweisheit<br \/>\n+ Tarifverhandlungen zwischen bpt und dem Verband medizinischer Fachberufe<br \/>\n+ Passt schon!<br \/>\n+ Bringen Sie sich zu Jahresanfang auf den neusten Stand der Kleins\u00e4ugermedizin!<\/p>\n","protected":false},"author":19,"featured_media":1497027,"comment_status":"closed","ping_status":"closed","sticky":false,"template":"","format":"standard","meta":{"_seopress_robots_primary_cat":"none","_seopress_titles_title":"%%post_title%%","_seopress_titles_desc":"%%post_excerpt%%","_seopress_robots_index":"","footnotes":""},"categories":[87],"tags":[],"class_list":["post-1496937","post","type-post","status-publish","format-standard","has-post-thumbnail","hentry","category-laboklin-fuersiegelesen","category-87","description-off"],"_links":{"self":[{"href":"https:\/\/laboklin.de\/de\/wp-json\/wp\/v2\/posts\/1496937","targetHints":{"allow":["GET"]}}],"collection":[{"href":"https:\/\/laboklin.de\/de\/wp-json\/wp\/v2\/posts"}],"about":[{"href":"https:\/\/laboklin.de\/de\/wp-json\/wp\/v2\/types\/post"}],"author":[{"embeddable":true,"href":"https:\/\/laboklin.de\/de\/wp-json\/wp\/v2\/users\/19"}],"replies":[{"embeddable":true,"href":"https:\/\/laboklin.de\/de\/wp-json\/wp\/v2\/comments?post=1496937"}],"version-history":[{"count":4,"href":"https:\/\/laboklin.de\/de\/wp-json\/wp\/v2\/posts\/1496937\/revisions"}],"predecessor-version":[{"id":1497045,"href":"https:\/\/laboklin.de\/de\/wp-json\/wp\/v2\/posts\/1496937\/revisions\/1497045"}],"wp:featuredmedia":[{"embeddable":true,"href":"https:\/\/laboklin.de\/de\/wp-json\/wp\/v2\/media\/1497027"}],"wp:attachment":[{"href":"https:\/\/laboklin.de\/de\/wp-json\/wp\/v2\/media?parent=1496937"}],"wp:term":[{"taxonomy":"category","embeddable":true,"href":"https:\/\/laboklin.de\/de\/wp-json\/wp\/v2\/categories?post=1496937"},{"taxonomy":"post_tag","embeddable":true,"href":"https:\/\/laboklin.de\/de\/wp-json\/wp\/v2\/tags?post=1496937"}],"curies":[{"name":"wp","href":"https:\/\/api.w.org\/{rel}","templated":true}]}}