{"id":1452247,"date":"2023-10-30T11:35:33","date_gmt":"2023-10-30T10:35:33","guid":{"rendered":"https:\/\/laboklin.de\/?p=1452247"},"modified":"2024-04-15T10:54:36","modified_gmt":"2024-04-15T08:54:36","slug":"fuer-sie-gelesen-43-kw-2023","status":"publish","type":"post","link":"https:\/\/laboklin.de\/de\/fuer-sie-gelesen-43-kw-2023\/","title":{"rendered":"43. KW 2023"},"content":{"rendered":"<div class=\"wpb-content-wrapper\"><p>[vc_row][vc_column][vc_column_text]<\/p>\n<h3>Erster best\u00e4tigter Fall der Blauzungenkrankheit in Deutschland<\/h3>\n<p>Nebenan in den Niederlanden schon seit Anfang September ein Problem, nun auch eine Schafshaltung in Nordrhein-Westfalen betroffen. Das FLI warnt:[\/vc_column_text]<style type=\"text\/css\" data-type=\"the7_shortcodes-inline-css\">#default-btn-18468b5f797fdae9ee30ad1ed2afec7d.ico-right-side > i {\n  margin-right: 0px;\n  margin-left: 8px;\n}\n#default-btn-18468b5f797fdae9ee30ad1ed2afec7d > i {\n  margin-right: 8px;\n}<\/style><a href=\"https:\/\/www.fli.de\/de\/aktuelles\/kurznachrichten\/neues-einzelansicht\/erster-ausbruch-von-blauzungenkrankheit-des-serotyps-3-in-deutschland-bestaetigt\/\" class=\"default-btn-shortcode dt-btn dt-btn-m link-hover-off btn-inline-left  vc_custom_1698660650906\" target=\"_blank\" id=\"default-btn-18468b5f797fdae9ee30ad1ed2afec7d\" title=\"FLI | Erster Ausbruch von Blauzungenkrankheit des Serotyps 3 in Deutschland best\u00e4tigt\" rel=\"noopener\"><span>FLI | Erster Ausbruch von Blauzungenkrankheit des Serotyps 3 in Deutschland best\u00e4tigt<\/span><\/a>[vc_column_text]Ein weiterer amtlicher<strong> Verdacht besteht in Niedersachsen:<\/strong>[\/vc_column_text]<style type=\"text\/css\" data-type=\"the7_shortcodes-inline-css\">#default-btn-8310e9f1d6c39dcde8e08066ef002c9e.ico-right-side > i {\n  margin-right: 0px;\n  margin-left: 8px;\n}\n#default-btn-8310e9f1d6c39dcde8e08066ef002c9e > i {\n  margin-right: 8px;\n}<\/style><a href=\"https:\/\/www.ml.niedersachsen.de\/startseite\/aktuelles\/pressemitteilungen\/amtlicher-verdacht-der-blauzungenkrankheit-226558.html\" class=\"default-btn-shortcode dt-btn dt-btn-m link-hover-off btn-inline-left  vc_custom_1698660769865\" target=\"_blank\" id=\"default-btn-8310e9f1d6c39dcde8e08066ef002c9e\" title=\"ml.niedersachsen.de |  Amtlicher Verdacht der Blauzungenkrankheit\" rel=\"noopener\"><span>ml.niedersachsen.de | Amtlicher Verdacht der Blauzungenkrankheit<\/span><\/a>[vc_separator color=&#8220;custom&#8220; align=&#8220;align_left&#8220; el_width=&#8220;80&#8243; accent_color=&#8220;#e51e1e&#8220; css=&#8220;.vc_custom_1667814746487{margin-top: 10px !important;margin-bottom: 20px !important;}&#8220;][vc_column_text]<\/p>\n<h3>Bunter Vogel<\/h3>\n<p>Warum das nicht nur f\u00fcr die Federn, sondern auch f\u00fcr die Augen zutrifft und welche Vorteile dadurch f\u00fcr das Federvieh entstehen, haben Forscher herausgefunden:[\/vc_column_text]<style type=\"text\/css\" data-type=\"the7_shortcodes-inline-css\">#default-btn-bcb2de1fc41fd14d0d310596c801a20d.ico-right-side > i {\n  margin-right: 0px;\n  margin-left: 8px;\n}\n#default-btn-bcb2de1fc41fd14d0d310596c801a20d > i {\n  margin-right: 8px;\n}<\/style><a href=\"https:\/\/www.spektrum.de\/news\/ornithologie-warum-so-viele-voegel-bunte-augen-haben\/2192397\" class=\"default-btn-shortcode dt-btn dt-btn-m link-hover-off btn-inline-left  vc_custom_1698660887553\" target=\"_blank\" id=\"default-btn-bcb2de1fc41fd14d0d310596c801a20d\" title=\"Spectrum | Warum so viele V\u00f6gel bunte Augen haben\" rel=\"noopener\"><span>Spectrum | Warum so viele V\u00f6gel bunte Augen haben<\/span><\/a>[vc_separator color=&#8220;custom&#8220; align=&#8220;align_left&#8220; el_width=&#8220;80&#8243; accent_color=&#8220;#e51e1e&#8220; css=&#8220;.vc_custom_1667814746487{margin-top: 10px !important;margin-bottom: 20px !important;}&#8220;][vc_column_text]<\/p>\n<h3><span style=\"color: #3366ff;\">31 Jahre und 165 Tage alt ist er geworden \u2013 der \u00e4lteste Hund der Welt<\/span><\/h3>\n<p>Wir berichteten einst \u00fcber \u201eBobi\u201c, der es als \u00e4ltester Hund der Welt in das Guinness Buch der Rekorde schaffte. Nun ist er verstorben:[\/vc_column_text]<style type=\"text\/css\" data-type=\"the7_shortcodes-inline-css\">#default-btn-7075144490983c83104b6968c2a3b2e5.ico-right-side > i {\n  margin-right: 0px;\n  margin-left: 8px;\n}\n#default-btn-7075144490983c83104b6968c2a3b2e5 > i {\n  margin-right: 8px;\n}<\/style><a href=\"https:\/\/guinnessworldrecords.com\/news\/2023\/10\/worlds-oldest-dog-ever-bobi-dies-aged-31-760019\" class=\"default-btn-shortcode dt-btn dt-btn-m link-hover-off btn-inline-left  vc_custom_1698661768011\" target=\"_blank\" id=\"default-btn-7075144490983c83104b6968c2a3b2e5\" title=\"guinnessworldrecords.com | World\u2019s oldest dog ever, Bobi, dies aged 31\" rel=\"noopener\"><span>ENG | guinnessworldrecords.com | World\u2019s oldest dog ever, Bobi, dies aged 31<\/span><\/a>[vc_separator color=&#8220;custom&#8220; align=&#8220;align_left&#8220; el_width=&#8220;80&#8243; accent_color=&#8220;#e51e1e&#8220; css=&#8220;.vc_custom_1667814746487{margin-top: 10px !important;margin-bottom: 20px !important;}&#8220;][vc_column_text]<\/p>\n<h3><span style=\"color: #3366ff;\">Damit das Altern w\u00fcrdevoll von Statten geht \u2013 neue Guidelines f\u00fcr Palliativmedizin der Katze<\/span><\/h3>\n<p>Die American Association of Feline Practitioners (AAFP) und die International Association for Animal Hospice and Palliative Care (IAAHPC) haben Guidelines zur Palliativmedizin der Katze ver\u00f6ffentlicht:[\/vc_column_text]<style type=\"text\/css\" data-type=\"the7_shortcodes-inline-css\">#default-btn-75ecc8ea86936ef6665bfc700127ddbb.ico-right-side > i {\n  margin-right: 0px;\n  margin-left: 8px;\n}\n#default-btn-75ecc8ea86936ef6665bfc700127ddbb > i {\n  margin-right: 8px;\n}<\/style><a href=\"https:\/\/journals.sagepub.com\/doi\/epdf\/10.1177\/1098612X231201683\" class=\"default-btn-shortcode dt-btn dt-btn-m link-hover-off btn-inline-left  vc_custom_1698661785450\" target=\"_blank\" id=\"default-btn-75ecc8ea86936ef6665bfc700127ddbb\" title=\"journals.sagepub.com | Feline Hospice and Palliative Care Guidelines\" rel=\"noopener\"><span>ENG | journals.sagepub.com | Feline Hospice and Palliative Care Guidelines<\/span><\/a>[vc_separator color=&#8220;custom&#8220; align=&#8220;align_left&#8220; el_width=&#8220;80&#8243; accent_color=&#8220;#e51e1e&#8220; css=&#8220;.vc_custom_1667814746487{margin-top: 10px !important;margin-bottom: 20px !important;}&#8220;][vc_column_text]<\/p>\n<h3>Tierschutz \u2013 dringender Handlungsbedarf auf Deutschlands Schlachth\u00f6fen<\/h3>\n<p>Die Ergebnisse der folgenden Studie sind besorgniserregend: Zahlreiche Hinweise f\u00fcr fehlerhafte Durchf\u00fchrung der Bet\u00e4ubungs- und T\u00f6tungsma\u00dfnahmen gefunden:[\/vc_column_text]<style type=\"text\/css\" data-type=\"the7_shortcodes-inline-css\">#default-btn-be2a0589d227674929f41d1d21584ab5.ico-right-side > i {\n  margin-right: 0px;\n  margin-left: 8px;\n}\n#default-btn-be2a0589d227674929f41d1d21584ab5 > i {\n  margin-right: 8px;\n}<\/style><a href=\"https:\/\/www.vetline.de\/praktikable-indikatoren-zur-erfassung-patho-morphologischer-veraenderungen-bei-rindern-und\" class=\"default-btn-shortcode dt-btn dt-btn-m link-hover-off btn-inline-left  vc_custom_1698661867443\" target=\"_blank\" id=\"default-btn-be2a0589d227674929f41d1d21584ab5\" title=\"Vetline | Praktikable Indikatoren zur Erfassung patho-morphologischer Ver\u00e4nderungen...\" rel=\"noopener\"><span>Vetline | Praktikable Indikatoren zur Erfassung patho-morphologischer Ver\u00e4nderungen&#8230;<\/span><\/a>[vc_separator color=&#8220;custom&#8220; align=&#8220;align_left&#8220; el_width=&#8220;80&#8243; accent_color=&#8220;#e51e1e&#8220; css=&#8220;.vc_custom_1667814746487{margin-top: 10px !important;margin-bottom: 20px !important;}&#8220;][vc_column_text]<\/p>\n<h4><strong><span style=\"color: #000000;\">Von Experten \u2013 f\u00fcr Experten<\/span><\/strong><\/h4>\n<h3>Neue PCR-Untersuchungen bei Laboklin<\/h3>\n<p><strong><em>Demodex gatoi<\/em> \u2013 prim\u00e4r pathogen und hochkontagi\u00f6s<\/strong><br \/>\nDer Parasit verursacht bei Katzen stark juckende L\u00e4sionen, selbstinduzierte Alopezie, mili\u00e4re Dermatitis, Exkoriationen, Erosionen und Ulzerationen. Jede K\u00f6rperstelle kann betroffen sein. Der spezifische Nachweis ist nun bei Laboklin m\u00f6glich.<\/p>\n<p><strong><em>Taylorella asinigenitalis<\/em> \u2013 das k\u00f6nnen wir jetzt auch<\/strong><br \/>\nDas mit T. equigenitalis eng verwandte Bakterium kann bei Stuten schwere, purulente Endometritiden verursachen und wird f\u00fcr eine umfassende zuchthygienische Untersuchung empfohlen. Die PCR dazu jetzt auch bei uns erh\u00e4ltlich.[\/vc_column_text][vc_separator color=&#8220;custom&#8220; align=&#8220;align_left&#8220; el_width=&#8220;80&#8243; accent_color=&#8220;#e51e1e&#8220; css=&#8220;.vc_custom_1667814746487{margin-top: 10px !important;margin-bottom: 20px !important;}&#8220;][vc_column_text]<strong>Und darauf sind wir stolz!<\/strong><\/p>\n<p>Laboklin wurde zum achten Mal seit 2013 zum \u201eGro\u00dfen Preis des Mittelstandes\u201c nominiert und im Jahr 2020 bereits als bayerischer \u201ePreistr\u00e4ger\u201c ausgezeichnet. Letztes Wochenende erfolgte nun mit der Verleihung der Ehrenplakette die erste <strong>Auszeichnung auf Bundesebene<\/strong>, als eines von nur sieben Unternehmen \u00fcberhaupt. Die Bundes-Fachjury vergibt die Auszeichnungen anhand der Kernfaktoren Gesamtentwicklung des Unternehmens, Schaffung und Sicherung von Arbeits- und Ausbildungspl\u00e4tzen, Innovation und Modernisierung, Engagement in der Region, sowie Service und Kundenn\u00e4he. Wir freuen uns sehr![\/vc_column_text]<style type=\"text\/css\" data-type=\"the7_shortcodes-inline-css\">#default-btn-25f6b2df75479592f8d9dbb46f845bc0.ico-right-side > i {\n  margin-right: 0px;\n  margin-left: 8px;\n}\n#default-btn-25f6b2df75479592f8d9dbb46f845bc0 > i {\n  margin-right: 8px;\n}<\/style><a href=\"https:\/\/laboklin.de\/de\/hochmoderne-labordiagnostik-fuer-tiermedizin\/\" class=\"default-btn-shortcode dt-btn dt-btn-m link-hover-off btn-inline-left  vc_custom_1698661999130\" target=\"_blank\" id=\"default-btn-25f6b2df75479592f8d9dbb46f845bc0\" title=\"LABOKLIN  |  Hochmoderne Labordiagnostik f\u00fcr Tiermedizin\" rel=\"noopener\"><span>LABOKLIN | Hochmoderne Labordiagnostik f\u00fcr Tiermedizin<\/span><\/a>[vc_separator color=&#8220;custom&#8220; align=&#8220;align_left&#8220; el_width=&#8220;80&#8243; accent_color=&#8220;#e51e1e&#8220; css=&#8220;.vc_custom_1667814746487{margin-top: 10px !important;margin-bottom: 20px !important;}&#8220;][\/vc_column][\/vc_row]<\/p>\n<\/div>","protected":false},"excerpt":{"rendered":"<p>+ Erster best\u00e4tigter Fall der Blauzungenkrankheit in Deutschland<br \/>\n+ Bunter Vogel<br \/>\n+ 31 Jahre und 165 Tage alt ist er geworden<br \/>\n+ Neue Guidelines f\u00fcr Palliativmedizin der Katze<br \/>\n+ Tierschutz \u2013 dringender Handlungsbedarf auf Deutschlands Schlachth\u00f6fen<br \/>\n+ Neue PCR-Untersuchungen bei Laboklin<\/p>\n","protected":false},"author":1,"featured_media":1452248,"comment_status":"closed","ping_status":"closed","sticky":false,"template":"","format":"standard","meta":{"_seopress_robots_primary_cat":"none","_seopress_titles_title":"","_seopress_titles_desc":"","_seopress_robots_index":"","footnotes":""},"categories":[87],"tags":[],"class_list":["post-1452247","post","type-post","status-publish","format-standard","has-post-thumbnail","hentry","category-laboklin-fuersiegelesen","category-87","description-off"],"_links":{"self":[{"href":"https:\/\/laboklin.de\/de\/wp-json\/wp\/v2\/posts\/1452247","targetHints":{"allow":["GET"]}}],"collection":[{"href":"https:\/\/laboklin.de\/de\/wp-json\/wp\/v2\/posts"}],"about":[{"href":"https:\/\/laboklin.de\/de\/wp-json\/wp\/v2\/types\/post"}],"author":[{"embeddable":true,"href":"https:\/\/laboklin.de\/de\/wp-json\/wp\/v2\/users\/1"}],"replies":[{"embeddable":true,"href":"https:\/\/laboklin.de\/de\/wp-json\/wp\/v2\/comments?post=1452247"}],"version-history":[{"count":4,"href":"https:\/\/laboklin.de\/de\/wp-json\/wp\/v2\/posts\/1452247\/revisions"}],"predecessor-version":[{"id":1452286,"href":"https:\/\/laboklin.de\/de\/wp-json\/wp\/v2\/posts\/1452247\/revisions\/1452286"}],"wp:featuredmedia":[{"embeddable":true,"href":"https:\/\/laboklin.de\/de\/wp-json\/wp\/v2\/media\/1452248"}],"wp:attachment":[{"href":"https:\/\/laboklin.de\/de\/wp-json\/wp\/v2\/media?parent=1452247"}],"wp:term":[{"taxonomy":"category","embeddable":true,"href":"https:\/\/laboklin.de\/de\/wp-json\/wp\/v2\/categories?post=1452247"},{"taxonomy":"post_tag","embeddable":true,"href":"https:\/\/laboklin.de\/de\/wp-json\/wp\/v2\/tags?post=1452247"}],"curies":[{"name":"wp","href":"https:\/\/api.w.org\/{rel}","templated":true}]}}