{"id":1440910,"date":"2023-06-16T18:37:42","date_gmt":"2023-06-16T16:37:42","guid":{"rendered":"https:\/\/laboklin.de\/?p=1440910"},"modified":"2024-04-15T11:02:10","modified_gmt":"2024-04-15T09:02:10","slug":"fuer-sie-gelesen-24-kw-2023","status":"publish","type":"post","link":"https:\/\/laboklin.de\/de\/fuer-sie-gelesen-24-kw-2023\/","title":{"rendered":"24. KW 2023"},"content":{"rendered":"<div class=\"wpb-content-wrapper\"><p>[vc_row][vc_column][vc_column_text]<\/p>\n<h3>Und noch mehr \u00c4rger mit Vektoren<\/h3>\n<p>Die Saison stechm\u00fccken\u00fcbertragener Krankheitserreger beginnt. Damit steigt nicht nur die Gefahr f\u00fcr Infektionen mit dem West-Nil-Virus, es sind auch neue M\u00fccken mit weiteren Erregern unterwegs. Das RKI berichtet:[\/vc_column_text]<style type=\"text\/css\" data-type=\"the7_shortcodes-inline-css\">#default-btn-43825e4482f375a4e4d4b7fe902b3d06.ico-right-side > i {\n  margin-right: 0px;\n  margin-left: 8px;\n}\n#default-btn-43825e4482f375a4e4d4b7fe902b3d06 > i {\n  margin-right: 8px;\n}<\/style><a href=\"https:\/\/www.rki.de\/DE\/Content\/Infekt\/EpidBull\/Archiv\/2023\/Ausgaben\/22_23.pdf?__blob=publicationFile\" class=\"default-btn-shortcode dt-btn dt-btn-m link-hover-off btn-inline-left  vc_custom_1687156962996\" target=\"_blank\" id=\"default-btn-43825e4482f375a4e4d4b7fe902b3d06\" title=\"RKI | Epidemiologisches  Bulletin (PDF)\" rel=\"noopener\"><span>RKI | Epidemiologisches Bulletin (PDF)<\/span><\/a>[vc_separator color=&#8220;custom&#8220; align=&#8220;align_left&#8220; el_width=&#8220;80&#8243; accent_color=&#8220;#e51e1e&#8220; css=&#8220;.vc_custom_1667814746487{margin-top: 10px !important;margin-bottom: 20px !important;}&#8220;][vc_column_text]<\/p>\n<h3>Der untersch\u00e4tzte Kuhmagen<\/h3>\n<p>Die hochproduktive Niedrigemissions-Kuh oder doch lieber back to the roots?<br \/>\nWas w\u00e4re besser f\u00fcr das Kima? Kritische Stimme:[\/vc_column_text]<style type=\"text\/css\" data-type=\"the7_shortcodes-inline-css\">#default-btn-46da29d4a95d28c02c0dd56b850ba36e.ico-right-side > i {\n  margin-right: 0px;\n  margin-left: 8px;\n}\n#default-btn-46da29d4a95d28c02c0dd56b850ba36e > i {\n  margin-right: 8px;\n}<\/style><a href=\"https:\/\/www.scinexx.de\/news\/medizin\/neue-antibiotika-klasse-gegen-resistente-bakterien\/\" class=\"default-btn-shortcode dt-btn dt-btn-m link-hover-off btn-inline-left  vc_custom_1687157089874\" target=\"_blank\" id=\"default-btn-46da29d4a95d28c02c0dd56b850ba36e\" title=\"scinexx | Neue Antibiotika-Klasse gegen resistente Bakterien\" rel=\"noopener\"><span>scinexx | Neue Antibiotika-Klasse gegen resistente Bakterien<\/span><\/a>[vc_separator color=&#8220;custom&#8220; align=&#8220;align_left&#8220; el_width=&#8220;80&#8243; accent_color=&#8220;#e51e1e&#8220; css=&#8220;.vc_custom_1667814746487{margin-top: 10px !important;margin-bottom: 20px !important;}&#8220;][vc_column_text]<\/p>\n<h3>Wozu Insekten so f\u00e4hig sind<\/h3>\n<p>Das Peptid Thanatin der Raubwanze wirkt antibakteriell und k\u00f6nnte gegen multiresistente Keime helfen. Einzelheiten lesen Sie hier:[\/vc_column_text]<style type=\"text\/css\" data-type=\"the7_shortcodes-inline-css\">#default-btn-008ac4f94066dfe40abfe5522c29de16.ico-right-side > i {\n  margin-right: 0px;\n  margin-left: 8px;\n}\n#default-btn-008ac4f94066dfe40abfe5522c29de16 > i {\n  margin-right: 8px;\n}<\/style><a href=\"https:\/\/www.faz.net\/aktuell\/wissen\/physik-mehr\/akku-als-kraftfutter-eine-umweltfreundliche-batterie-ist-essbar-18896819.html\" class=\"default-btn-shortcode dt-btn dt-btn-m link-hover-off btn-inline-left  vc_custom_1685518518440\" target=\"_blank\" id=\"default-btn-008ac4f94066dfe40abfe5522c29de16\" title=\"FAZ | Eine Stromquelle zum Essen\" rel=\"noopener\"><span>FAZ | Eine Stromquelle zum Essen<\/span><\/a>[vc_separator color=&#8220;custom&#8220; align=&#8220;align_left&#8220; el_width=&#8220;80&#8243; accent_color=&#8220;#e51e1e&#8220; css=&#8220;.vc_custom_1667814746487{margin-top: 10px !important;margin-bottom: 20px !important;}&#8220;][vc_column_text]<\/p>\n<h3>Wie alt war Ihr \u00e4ltester chirurgischer Patient?<\/h3>\n<p>In der Humanmedizin ist das vielleicht keine Seltenheit, in der Tierwelt schon eher. Eine 80 Jahre alte Schildkr\u00f6te wurde erfolgreich an einem Blasenstein operiert. Ihre Geschichte:[\/vc_column_text]<style type=\"text\/css\" data-type=\"the7_shortcodes-inline-css\">#default-btn-f14913c5011e1268c7e7f07c8dbad2de.ico-right-side > i {\n  margin-right: 0px;\n  margin-left: 8px;\n}\n#default-btn-f14913c5011e1268c7e7f07c8dbad2de > i {\n  margin-right: 8px;\n}<\/style><a href=\"https:\/\/www.veterinarypracticenews.com\/80-year-old-tortoise-oldest-veterinary-patient-to-undergo-surgery\/\" class=\"default-btn-shortcode dt-btn dt-btn-m link-hover-off btn-inline-left  vc_custom_1687157164905\" target=\"_blank\" id=\"default-btn-f14913c5011e1268c7e7f07c8dbad2de\" title=\"veterinarypracticenews | 80-year-old tortoise \u2018oldest\u2019 veterinary patient to undergo surgery\" rel=\"noopener\"><span>veterinarypracticenews | 80-year-old tortoise \u2018oldest\u2019 veterinary patient to undergo surgery<\/span><\/a>[vc_column_text]<\/p>\n<h4><strong><span style=\"color: #000000;\">Von Experten \u2013 f\u00fcr Experten<\/span><\/strong><\/h4>\n<h3>Im Allergiedschungel verloren?<\/h3>\n<p>Wir helfen Ihnen da raus! Im Fokus: Atopie und Futtermittelallergie. Wir gewohnt praxisnah werden die Referentinnen Dr. Regina Wagner und Dr. Elisabeth Reinbacher klinische Bilder, diagnostisches Herangehen und die erfolgreiche Therapie besprechen.<br \/>\nKommen Sie am 21. Juni 2023 nach Hamburg oder nehmen Sie online teil. N\u00e4here Informationen finden Sie unter:[\/vc_column_text]<style type=\"text\/css\" data-type=\"the7_shortcodes-inline-css\">#default-btn-16324322442a7ba9e9e29768f2209c6c.ico-right-side > i {\n  margin-right: 0px;\n  margin-left: 8px;\n}\n#default-btn-16324322442a7ba9e9e29768f2209c6c > i {\n  margin-right: 8px;\n}<\/style><a href=\"https:\/\/app.seminarmanagercloud.de\/laboklin-gmbh-cokg\/buchungsportal\/allergie-kein-mysterium-hamburg-129446f6f7ca4aae8379519b6e132387\" class=\"default-btn-shortcode dt-btn dt-btn-m link-hover-off btn-inline-left  vc_custom_1687157736598\" target=\"_blank\" id=\"default-btn-16324322442a7ba9e9e29768f2209c6c\" title=\"Laboklin AKADEMIE | Allergie - (K)Ein Mysterium\" rel=\"noopener\"><span>Laboklin AKADEMIE | Allergie &#8211; (K)Ein Mysterium<\/span><\/a>[vc_separator color=&#8220;custom&#8220; align=&#8220;align_left&#8220; el_width=&#8220;80&#8243; accent_color=&#8220;#e51e1e&#8220; css=&#8220;.vc_custom_1667814746487{margin-top: 10px !important;margin-bottom: 20px !important;}&#8220;][vc_column_text]<\/p>\n<h3>Und warum nicht die Pflicht mit der K\u00fcr verbinden?<\/h3>\n<p>Erleben Sie einen erlebnisreichen Tag in der <strong>Wilhelma Stuttgart<\/strong> und lernen Sie ganz nebenbei noch sicher mit dem Thema Dysbiose umzugehen. Bei dem Seminar<strong> \u201eShit happens \u2013 Lebensgemeinschaft Darm und seine Konsequenzen\u201c<\/strong> geben unsere Referentinnen praxisrelevante Antworten auf Ihre Fragen.<br \/>\nKommen Sie am <strong>08. Juli 2023<\/strong> vorbei und genie\u00dfen einen wundervollen Tag. Einzelheiten unter:[\/vc_column_text]<style type=\"text\/css\" data-type=\"the7_shortcodes-inline-css\">#default-btn-869e7463ab72e7188ffcde4d253f0aaf.ico-right-side > i {\n  margin-right: 0px;\n  margin-left: 8px;\n}\n#default-btn-869e7463ab72e7188ffcde4d253f0aaf > i {\n  margin-right: 8px;\n}<\/style><a href=\"https:\/\/app.seminarmanagercloud.de\/laboklin-gmbh-cokg\/buchungsportal\/laboklin-exquisit-shit-happens-zoo-stuttgart-352ece588c2c40fe94166d3c8c993790\" class=\"default-btn-shortcode dt-btn dt-btn-m link-hover-off btn-inline-left  vc_custom_1687159572509\" target=\"_blank\" id=\"default-btn-869e7463ab72e7188ffcde4d253f0aaf\" title=\"Laboklin AKADEMIE | Laboklin Exquisit - Shit happens\" rel=\"noopener\"><span>Laboklin AKADEMIE | Laboklin Exquisit &#8211; Shit happens<\/span><\/a>[vc_separator color=&#8220;custom&#8220; align=&#8220;align_left&#8220; el_width=&#8220;80&#8243; accent_color=&#8220;#e51e1e&#8220; css=&#8220;.vc_custom_1667814746487{margin-top: 10px !important;margin-bottom: 20px !important;}&#8220;][vc_row_inner][vc_column_inner width=&#8220;1\/2&#8243;][vc_single_image image=&#8220;1440945&#8243; img_size=&#8220;full&#8220;][\/vc_column_inner][vc_column_inner width=&#8220;1\/2&#8243;][vc_column_text]<strong>Neue Preise und Leistungen<\/strong><\/p>\n<p>Wie gewohnt zum Sommeranfang gehen unsere neuen Preise und Leistungen online.<br \/>\nDas neue PDF k\u00f6nnen Sie bereits in <a href=\"https:\/\/app.laboklin.com\/login\" target=\"_blank\" rel=\"noopener\"><strong>\u201eMein Labor\u201c<\/strong><\/a> herunterladen. Viel Spa\u00df beim St\u00f6bern![\/vc_column_text][\/vc_column_inner][\/vc_row_inner][vc_separator color=&#8220;custom&#8220; align=&#8220;align_left&#8220; el_width=&#8220;80&#8243; accent_color=&#8220;#e51e1e&#8220; css=&#8220;.vc_custom_1658130341326{margin-top: 10px !important;margin-bottom: 20px !important;}&#8220;][\/vc_column][\/vc_row]<\/p>\n<\/div>","protected":false},"excerpt":{"rendered":"<p>+ Und noch mehr \u00c4rger mit Vektoren<br \/>\n+ Der untersch\u00e4tzte Kuhmagen<br \/>\n+ Wozu Insekten so f\u00e4hig sind<br \/>\n+ Im Allergiedschungel verloren?<br \/>\n+ Und warum nicht die Pflicht mit der K\u00fcr verbinden?<br \/>\n+ Neue Preise und Leistungen<\/p>\n","protected":false},"author":1,"featured_media":1440911,"comment_status":"closed","ping_status":"closed","sticky":false,"template":"","format":"standard","meta":{"_seopress_robots_primary_cat":"none","_seopress_titles_title":"","_seopress_titles_desc":"","_seopress_robots_index":"","footnotes":""},"categories":[87],"tags":[],"class_list":["post-1440910","post","type-post","status-publish","format-standard","has-post-thumbnail","hentry","category-laboklin-fuersiegelesen","category-87","description-off"],"_links":{"self":[{"href":"https:\/\/laboklin.de\/de\/wp-json\/wp\/v2\/posts\/1440910","targetHints":{"allow":["GET"]}}],"collection":[{"href":"https:\/\/laboklin.de\/de\/wp-json\/wp\/v2\/posts"}],"about":[{"href":"https:\/\/laboklin.de\/de\/wp-json\/wp\/v2\/types\/post"}],"author":[{"embeddable":true,"href":"https:\/\/laboklin.de\/de\/wp-json\/wp\/v2\/users\/1"}],"replies":[{"embeddable":true,"href":"https:\/\/laboklin.de\/de\/wp-json\/wp\/v2\/comments?post=1440910"}],"version-history":[{"count":2,"href":"https:\/\/laboklin.de\/de\/wp-json\/wp\/v2\/posts\/1440910\/revisions"}],"predecessor-version":[{"id":1440964,"href":"https:\/\/laboklin.de\/de\/wp-json\/wp\/v2\/posts\/1440910\/revisions\/1440964"}],"wp:featuredmedia":[{"embeddable":true,"href":"https:\/\/laboklin.de\/de\/wp-json\/wp\/v2\/media\/1440911"}],"wp:attachment":[{"href":"https:\/\/laboklin.de\/de\/wp-json\/wp\/v2\/media?parent=1440910"}],"wp:term":[{"taxonomy":"category","embeddable":true,"href":"https:\/\/laboklin.de\/de\/wp-json\/wp\/v2\/categories?post=1440910"},{"taxonomy":"post_tag","embeddable":true,"href":"https:\/\/laboklin.de\/de\/wp-json\/wp\/v2\/tags?post=1440910"}],"curies":[{"name":"wp","href":"https:\/\/api.w.org\/{rel}","templated":true}]}}