{"id":1320035,"date":"2022-11-11T16:57:40","date_gmt":"2022-11-11T15:57:40","guid":{"rendered":"https:\/\/laboklin.de\/de\/?p=1320035"},"modified":"2022-12-13T13:59:07","modified_gmt":"2022-12-13T12:59:07","slug":"fuer-sie-gelesen-45-kw","status":"publish","type":"post","link":"https:\/\/laboklin.de\/de\/fuer-sie-gelesen-45-kw\/","title":{"rendered":"45. KW"},"content":{"rendered":"<div class=\"wpb-content-wrapper\"><p>[vc_row][vc_column][vc_column_text]<\/p>\n<h3>SARS-CoV-2 Ursprung \u2013 Diskussion geht weiter<\/h3>\n<p>Seit Beginn der SARS-CoV-2 Pandemie besch\u00e4ftigt die Frage nach dem Ursprung die Experten. Eine bisher nur als Preprint ver\u00f6ffentlichte Studie hat die Debatte neu befeuert, wie das \u00c4rzteblatt online berichtet:[\/vc_column_text]<style type=\"text\/css\" data-type=\"the7_shortcodes-inline-css\">#default-btn-5712d10943535bad609e5e1383b39270.ico-right-side > i {\n  margin-right: 0px;\n  margin-left: 8px;\n}\n#default-btn-5712d10943535bad609e5e1383b39270 > i {\n  margin-right: 8px;\n}<\/style><a href=\"https:\/\/www.aerzteblatt.de\/nachrichten\/sw\/COVID-19?s=&amp;p=1&amp;n=1&amp;nid=138451\" class=\"default-btn-shortcode dt-btn dt-btn-m link-hover-off btn-inline-left  vc_custom_1670935847894\" target=\"_blank\" id=\"default-btn-5712d10943535bad609e5e1383b39270\" title=\"aerzteblatt.de | Ursprung von SARS-CoV-2...\" rel=\"noopener\"><span>aerzteblatt.de | Ursprung von SARS-CoV-2&#8230;<\/span><\/a>[vc_column_text]<\/p>\n<h3>West-Nil-Virus Infektionen bei Menschen in Deutschland<\/h3>\n<p>Seit das West-Nil-Virus 2018 erstmals in Deutschland bei V\u00f6geln nachgewiesen wurde, kommt es auch immer wieder zu Infektionen beim Menschen. Dieses Jahr sind bereits zehn Infektionen bei Menschen nachgewiesen. Der Spiegel beleuchtet das Thema.[\/vc_column_text]<style type=\"text\/css\" data-type=\"the7_shortcodes-inline-css\">#default-btn-a36385650defad2bc20d4c7db3128fe2.ico-right-side > i {\n  margin-right: 0px;\n  margin-left: 8px;\n}\n#default-btn-a36385650defad2bc20d4c7db3128fe2 > i {\n  margin-right: 8px;\n}<\/style><a href=\"https:\/\/www.spiegel.de\/wissenschaft\/robert-koch-institut-zehn-infektionen-mit-west-nil-virus-in-deutschland-erfasst-a-78b5d67c-c930-4268-8e7a-f6a356740c7e\" class=\"default-btn-shortcode dt-btn dt-btn-m link-hover-off btn-inline-left  vc_custom_1670935926221\" target=\"_blank\" id=\"default-btn-a36385650defad2bc20d4c7db3128fe2\" title=\"SPIEGEL Wissenschaft | ...Infektionen mit West-Nil-Virus in Deutschland erfasst\" rel=\"noopener\"><span>SPIEGEL Wissenschaft | &#8230;Infektionen mit West-Nil-Virus in Deutschland erfasst<\/span><\/a>[vc_separator color=&#8220;custom&#8220; align=&#8220;align_left&#8220; el_width=&#8220;80&#8243; accent_color=&#8220;#e51e1e&#8220; css=&#8220;.vc_custom_1670936296631{margin-top: 10px !important;margin-bottom: 20px !important;}&#8220;][vc_column_text]<\/p>\n<h3>One-Health-Ansatz \u2013 B\u00fcndelung von Kompetenzen<\/h3>\n<p>Die vergangenen Jahre der Pandemie haben das Verst\u00e4ndnis \u00fcber Zoonosen und den One-Health- Ansatz st\u00e4rker in den Fokus ger\u00fcckt. In einer Pressemitteilung des FLI wird nun die Kooperation zwischen dem Bernhard-Nocht-Institut f\u00fcr Tropenmedizin (BNITM) und dem Friedrich-Loeffler-Institut (FLI), Bundesforschungsinstitut f\u00fcr Tiergesundheit angek\u00fcndigt:[\/vc_column_text]<style type=\"text\/css\" data-type=\"the7_shortcodes-inline-css\">#default-btn-aa7e15e49a8f5227f8099843b6333dc2.ico-right-side > i {\n  margin-right: 0px;\n  margin-left: 8px;\n}\n#default-btn-aa7e15e49a8f5227f8099843b6333dc2 > i {\n  margin-right: 8px;\n}<\/style><a href=\"https:\/\/www.fli.de\/de\/presse\/pressemitteilungen\/presse-einzelansicht\/bernhard-nocht-institut-fuer-tropenmedizin-und-friedrich-loeffler-institut-buendeln-kraefte-bei-one-health-forschung\/\" class=\"default-btn-shortcode dt-btn dt-btn-m link-hover-off btn-inline-left  vc_custom_1670936065850\" target=\"_blank\" id=\"default-btn-aa7e15e49a8f5227f8099843b6333dc2\" title=\"FLI | One-Health-Forschung\" rel=\"noopener\"><span>FLI | One-Health-Forschung<\/span><\/a>[vc_separator color=&#8220;custom&#8220; align=&#8220;align_left&#8220; el_width=&#8220;80&#8243; accent_color=&#8220;#e51e1e&#8220; css=&#8220;.vc_custom_1646652061471{margin-top: 10px !important;margin-bottom: 20px !important;}&#8220;][vc_column_text]<\/p>\n<h3>K\u00fche als Klimakiller? Historische Daten \u00fcberraschen<\/h3>\n<p>Die landwirtschaftliche Nutztierhaltung steht aufgrund der erh\u00f6hten Methan-Emission in der Kritik. Wissenschaftler des Forschungsinstituts f\u00fcr Nutztierbiologie Dummerstorf (FBN) haben historische und heutige Daten verglichen. Das Ergebnis \u00fcberrascht: der Methanaussto\u00df ist seit 2003 geringer als 1892. Alle Infos dazu finden sich in diesem Artikel des Informationsdienstes Wissenschaft:[\/vc_column_text]<style type=\"text\/css\" data-type=\"the7_shortcodes-inline-css\">#default-btn-1edddc1b1a31ab17533c667bcfedf666.ico-right-side > i {\n  margin-right: 0px;\n  margin-left: 8px;\n}\n#default-btn-1edddc1b1a31ab17533c667bcfedf666 > i {\n  margin-right: 8px;\n}<\/style><a href=\"https:\/\/nachrichten.idw-online.de\/2022\/11\/04\/die-kuehe-und-das-klima-historische-daten-offenbaren-ueberraschendes\" class=\"default-btn-shortcode dt-btn dt-btn-m link-hover-off btn-inline-left  vc_custom_1670936154017\" target=\"_blank\" id=\"default-btn-1edddc1b1a31ab17533c667bcfedf666\" title=\"[IDW] Nachrichten | Die K\u00fche und das Klima\" rel=\"noopener\"><span>[IDW] Nachrichten | Die K\u00fche und das Klima<\/span><\/a>[vc_separator color=&#8220;custom&#8220; align=&#8220;align_left&#8220; el_width=&#8220;80&#8243; accent_color=&#8220;#e51e1e&#8220; css=&#8220;.vc_custom_1658130341326{margin-top: 10px !important;margin-bottom: 20px !important;}&#8220;][vc_column_text]<\/p>\n<h3>Impfungen beim Haustier<\/h3>\n<p>Was sagt ein Impftiter wirklich aus? Wie geht man mit Impfungen bei gesundheitlichen Einschr\u00e4nkungen und Operationen um? Scott Weese hat sich in seinem Blog mit den verschiedenen Fragestellungen rund um das Thema Impfung bei Haustieren besch\u00e4ftigt.[\/vc_column_text]<style type=\"text\/css\" data-type=\"the7_shortcodes-inline-css\">#default-btn-71241f60c3cfd81aaaabafa0636a4ed0.ico-right-side > i {\n  margin-right: 0px;\n  margin-left: 8px;\n}\n#default-btn-71241f60c3cfd81aaaabafa0636a4ed0 > i {\n  margin-right: 8px;\n}<\/style><a href=\"https:\/\/www.wormsandgermsblog.com\/articles\/miscellaneous\/vaccination\/\" class=\"default-btn-shortcode dt-btn dt-btn-m link-hover-off btn-inline-left  vc_custom_1670936239759\" target=\"_blank\" id=\"default-btn-71241f60c3cfd81aaaabafa0636a4ed0\" title=\"ENG | Worms & Germs Blog | Pet Vaccination Questions v.5\" rel=\"noopener\"><span>ENG | Worms &amp; Germs Blog | Pet Vaccination Questions v.5<\/span><\/a>[vc_separator color=&#8220;custom&#8220; align=&#8220;align_left&#8220; border_width=&#8220;2&#8243; el_width=&#8220;80&#8243; accent_color=&#8220;#0000ff&#8220; css=&#8220;.vc_custom_1658129345724{margin-top: 10px !important;margin-bottom: 20px !important;}&#8220;][\/vc_column][\/vc_row][vc_row][vc_column][\/vc_column][\/vc_row]<\/p>\n<\/div>","protected":false},"excerpt":{"rendered":"<p>+ SARS-CoV-2 Ursprung \u2013 Diskussion geht weiter<br \/>\n+ West-Nil-Virus Infektionen bei Menschen in Deutschland<br \/>\n+ One-Health-Ansatz \u2013 B\u00fcndelung von Kompetenzen<br \/>\n+ K\u00fche als Klimakiller? Historische Daten \u00fcberraschen<br \/>\n+ Impfungen beim Haustier   <\/p>\n","protected":false},"author":1,"featured_media":1320036,"comment_status":"closed","ping_status":"closed","sticky":false,"template":"","format":"standard","meta":{"_seopress_robots_primary_cat":"none","_seopress_titles_title":"","_seopress_titles_desc":"","_seopress_robots_index":"","footnotes":""},"categories":[87],"tags":[],"class_list":["post-1320035","post","type-post","status-publish","format-standard","has-post-thumbnail","hentry","category-laboklin-fuersiegelesen","category-87","description-off"],"_links":{"self":[{"href":"https:\/\/laboklin.de\/de\/wp-json\/wp\/v2\/posts\/1320035","targetHints":{"allow":["GET"]}}],"collection":[{"href":"https:\/\/laboklin.de\/de\/wp-json\/wp\/v2\/posts"}],"about":[{"href":"https:\/\/laboklin.de\/de\/wp-json\/wp\/v2\/types\/post"}],"author":[{"embeddable":true,"href":"https:\/\/laboklin.de\/de\/wp-json\/wp\/v2\/users\/1"}],"replies":[{"embeddable":true,"href":"https:\/\/laboklin.de\/de\/wp-json\/wp\/v2\/comments?post=1320035"}],"version-history":[{"count":2,"href":"https:\/\/laboklin.de\/de\/wp-json\/wp\/v2\/posts\/1320035\/revisions"}],"predecessor-version":[{"id":1320038,"href":"https:\/\/laboklin.de\/de\/wp-json\/wp\/v2\/posts\/1320035\/revisions\/1320038"}],"wp:featuredmedia":[{"embeddable":true,"href":"https:\/\/laboklin.de\/de\/wp-json\/wp\/v2\/media\/1320036"}],"wp:attachment":[{"href":"https:\/\/laboklin.de\/de\/wp-json\/wp\/v2\/media?parent=1320035"}],"wp:term":[{"taxonomy":"category","embeddable":true,"href":"https:\/\/laboklin.de\/de\/wp-json\/wp\/v2\/categories?post=1320035"},{"taxonomy":"post_tag","embeddable":true,"href":"https:\/\/laboklin.de\/de\/wp-json\/wp\/v2\/tags?post=1320035"}],"curies":[{"name":"wp","href":"https:\/\/api.w.org\/{rel}","templated":true}]}}