{"id":1319323,"date":"2022-10-20T11:27:04","date_gmt":"2022-10-20T09:27:04","guid":{"rendered":"https:\/\/laboklin.de\/de\/?p=1319323"},"modified":"2025-01-21T10:31:52","modified_gmt":"2025-01-21T09:31:52","slug":"fallberich_futtermittel_atopie","status":"publish","type":"post","link":"https:\/\/laboklin.de\/de\/fallberich_futtermittel_atopie\/","title":{"rendered":"Fallbericht allergischer Hund \u2013 Futtermittelallergie und Atopie"},"content":{"rendered":"<div class=\"wpb-content-wrapper\"><p>[vc_row][vc_column width=&#8220;2\/3&#8243;][vc_column_text css=&#8220;&#8220;]<\/p>\n<h2>Anamnese<\/h2>\n<p>Horsti ist ein kastrierter Terrier-Mischlingsr\u00fcde, der im Alter von ca. 4 Jahren mit unklarer Vorgeschichte als Notfall von einem Tierschutzverein \u00fcbernommen wurde. Zu diesem Zeitpunkt zeigte er einen minderguten Ern\u00e4hrungszustand, mittelgradig ger\u00f6tete Konjunktiven, muk\u00f6sen Augenausfluss und hochgradigen Juckreiz (Abb. 1). Der neue Besitzer berichtete au\u00dferdem von breiigem Kotabsatz mehrmals t\u00e4glich.<\/p>\n<h2>Dermatologische Untersuchung<\/h2>\n<p>In der dermatologischen Untersuchung war eine Alopezie\/Hypotrichose an Nase und Hals, Vorderbrust und Achseln, Bauch, Innenschenkeln und am Schwanz zu erkennen. Die Haut war v.a. in den Achseln und den Leisten hyperpigmentiert. Das Haarkleid war stumpf und schuppig.<\/p>\n<h2>Laboruntersuchungen<\/h2>\n<p>Die eingeleitete blutchemische Untersuchung war unauff\u00e4llig, das Blutbild zeigte eine milde An\u00e4mie und eine deutliche Eosinophilie von 2,5 G\/l (Referenzbereich 0,04 \u2013 0,6 G\/l). Der Sarkoptes-Antik\u00f6rper-Titer war negativ.<br \/>\nDa der Juckreiz und die Hautver\u00e4nderungen in Kombination mit dem pathologischen Kotabsatz stark auf das Vorliegen einer Futtermittelallergie hindeuten, wurde noch ein Futtermittelallergietest durchgef\u00fchrt.<\/p>\n<h2>Epikrise<\/h2>\n<p>Allergietests dienen nicht dazu, Allergien zu diagnostizieren \u2013 eine Allergie ist immer eine klinische Diagnose. Sie wird bei Patienten mit den typischen klinischen Symptomen (prim\u00e4rer Juckreiz und in weiterer Folge Erythem, Alopezie, Sekund\u00e4rinfektionen, \u2026) nach dem Ausschluss anderer juckender Erkrankungen gestellt. Die Allergietests, die besser Allergentests genannt werden sollten, helfen bei der Identifizierung der Allergene, welche die Allergie ausl\u00f6sen, indem allergenspezifische Antik\u00f6rper gemessen werden. Bei der Aufarbeitung einer vermuteten Futtermittelallergie vereinfachen die Tests die Auswahl der Zutaten f\u00fcr die Eliminationsdi\u00e4t, durch welche die Diagnose dann gestellt oder ausgeschlossen wird. Es werden f\u00fcr die 8 \u2013 12 Wochen andauernde strenge Eliminationsdi\u00e4t eine Protein- und eine Kohlehydratquelle ausgesucht, auf die weder im Bereich der IgE- noch der IgG-Antik\u00f6rper eine positive Reaktion vorliegt.<\/p>\n<p>Horsti zeigte sowohl im allgemeinen als auch im erweiterten Futtermittelallergietest zahlreiche positive Reaktionen. Ente war das einzige Protein, das bei IgE und IgG die Reaktionsklasse null (RK 0) aufwies. Daher wurde die Eliminationsdi\u00e4t mit einer hochwertigen Single-Protein-Di\u00e4t auf Entenbasis gestartet. Innerhalb weniger Wochen zeigte sich eine deutliche Verbesserung der Symptome, der Juckreiz verschwand vollkommen, das Fell wurde dichter und seidig und auch der Kotabsatz normalisierte sich. Nach 4 Monaten war Horsti zur Freude der Besitzer wie ein neuer Hund.<\/p>\n<p>Im Fr\u00fchjahr darauf begann Horsti, sich wieder h\u00e4ufiger zu kratzen. Die Haut war jedoch immer unver\u00e4ndert und der Juckreiz wurde vom Besitzer als nicht behandlungsw\u00fcrdig eingestuft. B\u00e4der mit hautpflegendem Shampoo (Douxo\u00ae Calm, Wirkstoffe u.a.: Ophytrium, Panthenol, Pentavitin, Vit PP, Jojoba-Extrakte) brachten vor\u00fcbergehend immer wieder Erleichterung, au\u00dferdem legte sich das vermehrte Kratzen im Herbst und Winter wieder. \u00dcber die n\u00e4chsten Jahre wurde der saisonale Juckreiz immer heftiger und schlie\u00dflich stoppte er auch im Winter nicht. Um abzukl\u00e4ren, ob Horsti m\u00f6glicherweise sein entenbasiertes Futter nicht mehr vertr\u00e4gt, wurde ein Wechsel zu einer anderen Single-Protein-Di\u00e4t versucht. Innerhalb von 2 Tagen entwickelte Horsti massiven Juckreiz im linken Ohr, die Haut war ger\u00f6tet und es war reichlich br\u00e4unliches, br\u00f6ckeliges Zerumen vorhanden, das nach Hefe roch. Die zytologische Untersuchung des Ohrtupfer-Abstrichpr\u00e4parates zeigte massenhaft Sprosspilze der Gattung <em>Malassezia<\/em> (Abb. 2). Die F\u00fctterung wurde sofort wieder auf Ente umgestellt, die Malassezien-Otitis zus\u00e4tzlich mit 2x t\u00e4glicher gr\u00fcndlicher Reinigung des Geh\u00f6rganges mit einem Ohrreiniger (Epiotic\u00ae) behandelt.<\/p>\n<p>Da der Di\u00e4twechsel nur eine Verschlechterung der Situation brachte und der massive Juckreiz durch Shampoo-Therapie und Hautbarriereunterst\u00fctzung absolut nicht mehr in den Griff zu bekommen war, wurde schlie\u00dflich Blut f\u00fcr einen serologischen Allergietest auf Umweltallergene entnommen. Die klinische Entwicklung von Horsti wies stark darauf hin, dass er nicht nur Futtermittelallergiker, sondern auch Atopiker ist. Nach der Blutabnahme wurden Horsti Prednisolon-Tabletten in entz\u00fcndungshemmender Dosierung verabreicht. Es zeigte sich nur eine geringgradige Verbesserung des Juckreizes, nach wenigen Tagen entwickelte Horsti zus\u00e4tzlich zahlreiche ger\u00f6tete, schuppende und teilweise verkrustete, alopezische L\u00e4sionen an der Vorderbrust, ventral am Thorax und Abdomen (Abb. 3).<\/p>\n<p>Es wurden Abklatschpr\u00e4parate der L\u00e4sionen, die teilweise n\u00e4ssten, und von der Unterseite der Krusten angefertigt und zytologisch beurteilt. Mikroskopisch waren massenhaft neutrophile Granulozyten und einige extra- und intrazellul\u00e4re Kokken nachweisbar (Abb. 4).<br \/>\nEs konnte eine Pyodermie diagnostiziert werden, eine h\u00e4ufige Sekund\u00e4rinfektion bei Allergikern. Die Therapie erfolgte multimodal mit einem Shampoo, das nicht nur antibakteriell wirkt, sondern auch hautpflegende Substanzen enth\u00e4lt (Douxo\u00ae Pyo, Wirkstoffe: Phytosphingosin, Chlorhexidin 3%, Climbazol 0,5%, Lipacide C8G) und mit Allerderm\u00ae Spot-on (Skin Lipid Complex\u2122, Glycotechnology, Defensin Technology) zur Unterst\u00fctzung der Hautbarrierefunktion. An den ver\u00e4nderten Hautstellen wurde 2x t\u00e4glich Peptivet\u00ae Schaum (Wirkstoffe u.a. AMP2041, Chlorhexidindiglukonat max 0,07%, Tris-EDTA) einmassiert und zus\u00e4tzlich wurde zur Juckreiztherapie Cytopoint\u00ae (Lokivetmab) statt des unzureichend wirkenden Prednisolons eingesetzt. Die Pyodermie heilte im Laufe weniger Wochen ab, auch der Juckreiz verbesserte sich, verschwand aber nicht vollst\u00e4ndig.[\/vc_column_text][\/vc_column][vc_column width=&#8220;1\/3&#8243;][vc_column_text css=&#8220;&#8220;]<\/p>\n\n\t\t\t<style type='text\/css'>\n\t\t\t\t#gallery-1 {\n\t\t\t\t\tmargin: auto;\n\t\t\t\t}\n\t\t\t\t#gallery-1 .gallery-item {\n\t\t\t\t\tfloat: left;\n\t\t\t\t\tmargin-top: 10px;\n\t\t\t\t\ttext-align: center;\n\t\t\t\t\twidth: 100%;\n\t\t\t\t}\n\t\t\t\t#gallery-1 img {\n\t\t\t\t\tborder: 2px solid #cfcfcf;\n\t\t\t\t}\n\t\t\t\t#gallery-1 .gallery-caption {\n\t\t\t\t\tmargin-left: 0;\n\t\t\t\t}\n\t\t\t\t\/* see gallery_shortcode() in wp-includes\/media.php *\/\n\t\t\t<\/style>\n\t\t<div id='gallery-1' class='dt-gallery-container gallery galleryid-1319323 gallery-columns-1 gallery-size-large'><dl class='gallery-item'>\n\t\t\t\t<dt class='gallery-icon landscape'>\n\t\t\t\t\t<a class=\"rollover rollover-zoom dt-pswp-item\" title=\"\" data-dt-img-description=\"LABOKLIN Dermatologie | Horsti &lt;br&gt;&lt;i&gt;Bildquelle: Dr. Maria Christian&lt;\/i&gt;\" data-large_image_width=\"1024\" data-large_image_height=\"633\"href='https:\/\/laboklin.de\/wp-content\/uploads\/2022\/10\/Horsti-2020-breit_Titelbild.jpg'><img loading=\"lazy\" decoding=\"async\" width=\"1024\" height=\"633\" src=\"https:\/\/laboklin.de\/wp-content\/uploads\/2022\/10\/Horsti-2020-breit_Titelbild.jpg\" class=\"attachment-large size-large\" alt=\"Horsti\" aria-describedby=\"gallery-1-1319330\" srcset=\"https:\/\/laboklin.de\/wp-content\/uploads\/2022\/10\/Horsti-2020-breit_Titelbild.jpg 1024w, https:\/\/laboklin.de\/wp-content\/uploads\/2022\/10\/Horsti-2020-breit_Titelbild-300x185.jpg 300w, https:\/\/laboklin.de\/wp-content\/uploads\/2022\/10\/Horsti-2020-breit_Titelbild-768x475.jpg 768w\" sizes=\"auto, (max-width: 1024px) 100vw, 1024px\" \/><\/a>\n\t\t\t\t<\/dt>\n\t\t\t\t\t<dd class='wp-caption-text gallery-caption' id='gallery-1-1319330'>\n\t\t\t\t\tHorsti <br><i>Bildquelle: Dr. Maria Christian<\/i>\n\t\t\t\t\t<\/dd><\/dl><br style=\"clear: both\" \/><dl class='gallery-item'>\n\t\t\t\t<dt class='gallery-icon landscape'>\n\t\t\t\t\t<a class=\"rollover rollover-zoom dt-pswp-item\" title=\"\" data-dt-img-description=\"LABOKLIN Dermatologie | &lt;b&gt;Abb. 1:&lt;\/b&gt; Horsti im Alter von ca. 4 Jahren\n&lt;br&gt;&lt;i&gt;Bildquelle: Dr. Maria Christian&lt;\/i&gt;\" data-large_image_width=\"1024\" data-large_image_height=\"795\"href='https:\/\/laboklin.de\/wp-content\/uploads\/2022\/10\/Abb.1.jpg'><img loading=\"lazy\" decoding=\"async\" width=\"1024\" height=\"795\" src=\"https:\/\/laboklin.de\/wp-content\/uploads\/2022\/10\/Abb.1.jpg\" class=\"attachment-large size-large\" alt=\"\" aria-describedby=\"gallery-1-1319324\" srcset=\"https:\/\/laboklin.de\/wp-content\/uploads\/2022\/10\/Abb.1.jpg 1024w, https:\/\/laboklin.de\/wp-content\/uploads\/2022\/10\/Abb.1-300x233.jpg 300w, https:\/\/laboklin.de\/wp-content\/uploads\/2022\/10\/Abb.1-768x596.jpg 768w\" sizes=\"auto, (max-width: 1024px) 100vw, 1024px\" \/><\/a>\n\t\t\t\t<\/dt>\n\t\t\t\t\t<dd class='wp-caption-text gallery-caption' id='gallery-1-1319324'>\n\t\t\t\t\t<b>Abb. 1:<\/b> Horsti im Alter von ca. 4 Jahren\n<br><i>Bildquelle: Dr. Maria Christian<\/i>\n\t\t\t\t\t<\/dd><\/dl><br style=\"clear: both\" \/><dl class='gallery-item'>\n\t\t\t\t<dt class='gallery-icon landscape'>\n\t\t\t\t\t<a class=\"rollover rollover-zoom dt-pswp-item\" title=\"\" data-dt-img-description=\"LABOKLIN Dermatologie | &lt;b&gt;Abb. 2:&lt;\/b&gt; Ohrtupfer-Abstrichpr\u00e4parat: Es sind massenhaft Malassezien\n(dunkelblau gef\u00e4rbt) zu sehen, die teilweise auf Hornschollen\nsitzen &lt;br&gt;&lt;i&gt;Bildquelle: Laboklin&lt;\/i&gt;\" data-large_image_width=\"1024\" data-large_image_height=\"787\"href='https:\/\/laboklin.de\/wp-content\/uploads\/2022\/10\/Abb.2.jpg'><img loading=\"lazy\" decoding=\"async\" width=\"1024\" height=\"787\" src=\"https:\/\/laboklin.de\/wp-content\/uploads\/2022\/10\/Abb.2.jpg\" class=\"attachment-large size-large\" alt=\"Ohrtupfer-Abstrichpr\u00e4parat: Es sind massenhaft Malassezien (dunkelblau gef\u00e4rbt) zu sehen, die teilweise auf Hornschollen sitzen\" aria-describedby=\"gallery-1-1319325\" srcset=\"https:\/\/laboklin.de\/wp-content\/uploads\/2022\/10\/Abb.2.jpg 1024w, https:\/\/laboklin.de\/wp-content\/uploads\/2022\/10\/Abb.2-300x231.jpg 300w, https:\/\/laboklin.de\/wp-content\/uploads\/2022\/10\/Abb.2-768x590.jpg 768w\" sizes=\"auto, (max-width: 1024px) 100vw, 1024px\" \/><\/a>\n\t\t\t\t<\/dt>\n\t\t\t\t\t<dd class='wp-caption-text gallery-caption' id='gallery-1-1319325'>\n\t\t\t\t\t<b>Abb. 2:<\/b> Ohrtupfer-Abstrichpr\u00e4parat: Es sind massenhaft Malassezien\n(dunkelblau gef\u00e4rbt) zu sehen, die teilweise auf Hornschollen\nsitzen <br><i>Bildquelle: Laboklin<\/i>\n\t\t\t\t\t<\/dd><\/dl><br style=\"clear: both\" \/><dl class='gallery-item'>\n\t\t\t\t<dt class='gallery-icon landscape'>\n\t\t\t\t\t<a class=\"rollover rollover-zoom dt-pswp-item\" title=\"\" data-dt-img-description=\"LABOKLIN Dermatologie | &lt;b&gt;Abb. 3:&lt;\/b&gt; Verkrustete, ger\u00f6tete, alopezische L\u00e4sion an der Vorderbrust\n&lt;br&gt;&lt;i&gt;Bildquelle: Dr. Maria Christian&lt;\/i&gt;\" data-large_image_width=\"1024\" data-large_image_height=\"791\"href='https:\/\/laboklin.de\/wp-content\/uploads\/2022\/10\/Abb.3.jpg'><img loading=\"lazy\" decoding=\"async\" width=\"1024\" height=\"791\" src=\"https:\/\/laboklin.de\/wp-content\/uploads\/2022\/10\/Abb.3.jpg\" class=\"attachment-large size-large\" alt=\"Verkrustete, ger\u00f6tete, alopezische L\u00e4sion an der Vorderbrust\" aria-describedby=\"gallery-1-1319326\" srcset=\"https:\/\/laboklin.de\/wp-content\/uploads\/2022\/10\/Abb.3.jpg 1024w, https:\/\/laboklin.de\/wp-content\/uploads\/2022\/10\/Abb.3-300x232.jpg 300w, https:\/\/laboklin.de\/wp-content\/uploads\/2022\/10\/Abb.3-768x593.jpg 768w\" sizes=\"auto, (max-width: 1024px) 100vw, 1024px\" \/><\/a>\n\t\t\t\t<\/dt>\n\t\t\t\t\t<dd class='wp-caption-text gallery-caption' id='gallery-1-1319326'>\n\t\t\t\t\t<b>Abb. 3:<\/b> Verkrustete, ger\u00f6tete, alopezische L\u00e4sion an der Vorderbrust\n<br><i>Bildquelle: Dr. Maria Christian<\/i>\n\t\t\t\t\t<\/dd><\/dl><br style=\"clear: both\" \/><dl class='gallery-item'>\n\t\t\t\t<dt class='gallery-icon landscape'>\n\t\t\t\t\t<a class=\"rollover rollover-zoom dt-pswp-item\" title=\"\" data-dt-img-description=\"LABOKLIN Dermatologie | &lt;b&gt;Abb. 4:&lt;\/b&gt; Pyodermie, zytologisch: Es sind zahlreiche degenerierte\nNeutrophile und einige intrazellul\u00e4re Kokken (Pfeil) nachweisbar\n&lt;br&gt;&lt;i&gt;Bildquelle: Laboklin&lt;\/i&gt;\" data-large_image_width=\"1024\" data-large_image_height=\"773\"href='https:\/\/laboklin.de\/wp-content\/uploads\/2022\/10\/Abb.4.jpg'><img loading=\"lazy\" decoding=\"async\" width=\"1024\" height=\"773\" src=\"https:\/\/laboklin.de\/wp-content\/uploads\/2022\/10\/Abb.4.jpg\" class=\"attachment-large size-large\" alt=\"Pyodermie, zytologisch: Es sind zahlreiche degenerierte Neutrophile und einige intrazellul\u00e4re Kokken (Pfeil) nachweisbar\" aria-describedby=\"gallery-1-1319327\" srcset=\"https:\/\/laboklin.de\/wp-content\/uploads\/2022\/10\/Abb.4.jpg 1024w, https:\/\/laboklin.de\/wp-content\/uploads\/2022\/10\/Abb.4-300x226.jpg 300w, https:\/\/laboklin.de\/wp-content\/uploads\/2022\/10\/Abb.4-768x580.jpg 768w\" sizes=\"auto, (max-width: 1024px) 100vw, 1024px\" \/><\/a>\n\t\t\t\t<\/dt>\n\t\t\t\t\t<dd class='wp-caption-text gallery-caption' id='gallery-1-1319327'>\n\t\t\t\t\t<b>Abb. 4:<\/b> Pyodermie, zytologisch: Es sind zahlreiche degenerierte\nNeutrophile und einige intrazellul\u00e4re Kokken (Pfeil) nachweisbar\n<br><i>Bildquelle: Laboklin<\/i>\n\t\t\t\t\t<\/dd><\/dl><br style=\"clear: both\" \/><dl class='gallery-item'>\n\t\t\t\t<dt class='gallery-icon landscape'>\n\t\t\t\t\t<a class=\"rollover rollover-zoom dt-pswp-item\" title=\"\" data-dt-img-description=\"LABOKLIN Dermatologie | &lt;b&gt;Abb. 5:&lt;\/b&gt; ASIT-L\u00f6sung (Folgebehandlung)\n&lt;br&gt;&lt;i&gt;Bildquelle: Dr. Maria Christian&lt;\/i&gt;\" data-large_image_width=\"1024\" data-large_image_height=\"601\"href='https:\/\/laboklin.de\/wp-content\/uploads\/2022\/10\/Abb.5.jpg'><img loading=\"lazy\" decoding=\"async\" width=\"1024\" height=\"601\" src=\"https:\/\/laboklin.de\/wp-content\/uploads\/2022\/10\/Abb.5.jpg\" class=\"attachment-large size-large\" alt=\"L\u00f6sung (Folgebehandlung)\" aria-describedby=\"gallery-1-1319328\" srcset=\"https:\/\/laboklin.de\/wp-content\/uploads\/2022\/10\/Abb.5.jpg 1024w, https:\/\/laboklin.de\/wp-content\/uploads\/2022\/10\/Abb.5-300x176.jpg 300w, https:\/\/laboklin.de\/wp-content\/uploads\/2022\/10\/Abb.5-768x451.jpg 768w\" sizes=\"auto, (max-width: 1024px) 100vw, 1024px\" \/><\/a>\n\t\t\t\t<\/dt>\n\t\t\t\t\t<dd class='wp-caption-text gallery-caption' id='gallery-1-1319328'>\n\t\t\t\t\t<b>Abb. 5:<\/b> ASIT-L\u00f6sung (Folgebehandlung)\n<br><i>Bildquelle: Dr. Maria Christian<\/i>\n\t\t\t\t\t<\/dd><\/dl><br style=\"clear: both\" \/><dl class='gallery-item'>\n\t\t\t\t<dt class='gallery-icon landscape'>\n\t\t\t\t\t<a class=\"rollover rollover-zoom dt-pswp-item\" title=\"\" data-dt-img-description=\"LABOKLIN Dermatologie | &lt;b&gt;Abb. 6:&lt;\/b&gt; Ausschnitte aus 2 Karten mit Temperaturindikator; A: der Indikator ist wei\u00df (gr\u00fcner Kreis), die L\u00f6sung kann verwendet\nwerden; B: der Indikator ist schwarz verf\u00e4rbt (roter Kreis),\ndie L\u00f6sung darf nicht verwendet werden\n&lt;br&gt;&lt;i&gt;Bildquelle: Dr. Maria Christian&lt;\/i&gt;\" data-large_image_width=\"1024\" data-large_image_height=\"716\"href='https:\/\/laboklin.de\/wp-content\/uploads\/2022\/10\/Abb.6.jpg'><img loading=\"lazy\" decoding=\"async\" width=\"1024\" height=\"716\" src=\"https:\/\/laboklin.de\/wp-content\/uploads\/2022\/10\/Abb.6.jpg\" class=\"attachment-large size-large\" alt=\"Ausschnitte aus 2 Karten mit Temperaturindikator; A: der Indikator ist wei\u00df (gr\u00fcner Kreis), die L\u00f6sung kann verwendet werden; B: der Indikator ist schwarz verf\u00e4rbt (roter Kreis), die L\u00f6sung darf nicht verwendet werden\" aria-describedby=\"gallery-1-1319329\" srcset=\"https:\/\/laboklin.de\/wp-content\/uploads\/2022\/10\/Abb.6.jpg 1024w, https:\/\/laboklin.de\/wp-content\/uploads\/2022\/10\/Abb.6-300x210.jpg 300w, https:\/\/laboklin.de\/wp-content\/uploads\/2022\/10\/Abb.6-768x537.jpg 768w\" sizes=\"auto, (max-width: 1024px) 100vw, 1024px\" \/><\/a>\n\t\t\t\t<\/dt>\n\t\t\t\t\t<dd class='wp-caption-text gallery-caption' id='gallery-1-1319329'>\n\t\t\t\t\t<b>Abb. 6:<\/b> Ausschnitte aus 2 Karten mit Temperaturindikator; A: der Indikator ist wei\u00df (gr\u00fcner Kreis), die L\u00f6sung kann verwendet\nwerden; B: der Indikator ist schwarz verf\u00e4rbt (roter Kreis),\ndie L\u00f6sung darf nicht verwendet werden\n<br><i>Bildquelle: Dr. Maria Christian<\/i>\n\t\t\t\t\t<\/dd><\/dl><br style=\"clear: both\" \/>\n\t\t\t<\/div>\n\n<p>[\/vc_column_text][\/vc_column][\/vc_row][vc_row][vc_column css=&#8220;.vc_custom_1737449599951{margin-top: 10px !important;}&#8220;][vc_column_text css=&#8220;&#8220;]<\/p>\n<p style=\"text-align: left;\">Im Allergietest auf Umweltallergene reagierte Horsti auf Birke, Hasel, Beifu\u00df, Ragweed und Dermatophagoides farinae positiv \u2013 ein Ergebnis, das sehr gut zu seiner Klinik saisonal verst\u00e4rkten Juckreizes passt. Obwohl er zu diesem Zeitpunkt bereits 9 Jahre alt war, wurde nach Abheilung der Pyodermie die Allergen-spezifische Immuntherapie (= ASIT oder Hyposensibilisierung) gestartet.<\/p>\n<p style=\"text-align: left;\">Eine ASIT ist die einzige kausale Therapie der atopischen Dermatitis, indem sie Einfluss auf den Pathomechanismus der Allergie nimmt. Doch wie sieht dieser genau aus, wie entwickelt sich eigentlich eine Allergie? Allergische Reaktionen entstehen, wenn das Immunsystem Oberfl\u00e4chenantigene (Allergene) vollkommen harmloser Strukturen wie Pollen, Milben oder Futtermittel als Pathogene einstuft und diese in der Folge bek\u00e4mpft. Allergene dringen durch die Hautbarriere ein und l\u00f6sen so eine Sensibilisierung aus. Anschlie\u00dfend werden Entz\u00fcndungszellen aktiviert, Entz\u00fcndungsmediatoren ausgesch\u00fcttet und Mastzellen degranulieren unter dem Einfluss von IgE. Patienten, die an atopischer Dermatitis leiden, zeigen auch einen ver\u00e4nderten Aufbau der Hautstruktur, der die Barrierefunktion der Haut beeintr\u00e4chtigt. Ob diese St\u00f6rung der Hautbarrierefunktion eine Folge der Dermatitis ist oder ob sie einen pr\u00e4disponierenden Faktor f\u00fcr die Entstehung der Atopie darstellt, weil dadurch das Eindringen von Allergenen in die Haut erleichtert ist, ist zurzeit noch ungekl\u00e4rt. Das Verst\u00e4ndnis dieses Pathomechanismus veranschaulicht jedenfalls, wie wichtig die Unterst\u00fctzung der Hautbarrierefunktion ist und welche gro\u00dfe Bedeutung die ASIT im therapeutischen Management hat.<br \/>\nDie Wirkungsweise der ASIT beruht darauf, dem irregeleiteten Immunsystem nach und nach beizubringen, dass die harmlosen Allergene nicht pathogen sind. Es soll eine Aktivierung der regulatorischen T-Zellen und immunsuppressiver Zytokine und in weiterer Folge eine Verbesserung der klinischen Symptomatik eintreten. Dies wird durch die Verabreichung von zun\u00e4chst ganz kleinen Mengen der positiv getesteten Allergene mit stetig steigender Dosierung erreicht. In der klassischen ASIT-L\u00f6sung (Abb. 5) zur subkutanen Anwendung sind die nat\u00fcrlichen Allergene enthalten, auf die der individuelle Patient positiv getestet wurde und die mit Anamnese und Klinik korrelieren. Diese werden in einem aufwendigen Prozess, der sehr strengen Qualit\u00e4tskontrollen unterliegt, aufgereinigt und nach einer Quarant\u00e4ne nochmals kontrolliert, um eine injizierbare L\u00f6sung herzustellen. Daher dauert die Produktion der ASIT 2 bis 3 Wochen. Die nach Anbruch gek\u00fchlt zu lagernden Injektionsfl\u00e4schchen k\u00f6nnen f\u00fcr wenige Tage ungek\u00fchlt transportiert\/gelagert werden, die Umgebungstemperatur darf allerdings 37\u00b0C nicht \u00fcberschreiten. F\u00fcr den Versand in die Praxis wird dem Paket daher in den Sommermonaten ein Temperaturindikator beigelegt, der sich bei zu hoher Lagerungstemperatur schwarz f\u00e4rbt (Abb. 6 B).<\/p>\n<p style=\"text-align: left;\">Ist der Temperaturindikator zum Zeitpunkt der Anlieferung schwarz, darf die ASIT nicht mehr verwendet werden. Zur Dokumentation sollte zeitnah ein Foto der Indikatorkarte gemacht und die L\u00f6sung bei Laboklin reklamiert werden. Es wird in solchen F\u00e4llen nat\u00fcrlich sofort eine neue ASIT-L\u00f6sung bestellt, die nicht mehr verwendbare Packung muss an Laboklin retourniert werden.<\/p>\n<p style=\"text-align: left;\">Zur\u00fcck zu unserem Patienten: Bei Horsti wurde die ASIT im Herbst gestartet, was bei allen saisonalen oder saisonal verst\u00e4rkten Allergikern zu empfehlen ist, weil es ohne oder bei nur milder klinischer Symptomatik kaum zu Nebenwirkungen durch die Injektionen kommt. Zu Beginn wurde Horsti aufgrund des nach wie vor vorhandenen Juckreizes zus\u00e4tzlich symptomatisch behandelt. Ihm wurde noch 2x Cytopoint \u00ae injiziert, er wurde weiterhin 2x pro Woche mit Shampoos (abwechselnd Douxo\u00ae Pyo und Douxo\u00ae Calm) und 1x w\u00f6chentlich mit Allerderm\u00ae Spot-on therapiert. Er war allerdings trotzdem nicht v\u00f6llig symptomfrei, was in der Einleitungsphase der ASIT sogar von Vorteil ist. Wird der Juckreiz n\u00e4mlich vollst\u00e4ndig unterdr\u00fcckt, kann weder eine Verbesserung noch eine Verschlechterung der Klinik erkannt werden. Besonders im Fall einer Symptomverschlechterung unmittelbar nach der Injektion ist es aber von Bedeutung, rasch in Form einer individuellen Adaptierung des Therapieschemas der ASIT zu reagieren. Horsti zeigte keine Nebenwirkungen, nach 2 Monaten war bereits eine deutliche Verbesserung zu erkennen und die juckreizstillende Therapie wurde beendet. Er wurde aber weiterhin regelm\u00e4\u00dfig mit Douxo\u00ae Calm (Shampoo und Mousse) sowie Allerderm\u00ae Spot-on therapiert. F\u00fcnf Monate nach Beginn der ASIT war Horsti symptomfrei. Im Laufe der Jahre zeigte er immer wieder vor \u2013 allem im Fr\u00fchjahr und Sp\u00e4tsommer \u2013 Phasen mit geringgradig verst\u00e4rktem Juckreiz, der symptomatisch (wie oben beschrieben) gelindert wurde. Horstis Fall veranschaulicht sehr gut, wie wertvoll die ASIT als Teil des Allergie-Managements ist, selbst bei einem Patienten, der schon beinahe 10 Jahre alt ist und bereits seit einigen Jahren an der Allergie leidet.<\/p>\n<p style=\"text-align: right;\"><em>Dr. Maria Christian<\/em><\/p>\n<p>[\/vc_column_text][\/vc_column][\/vc_row][vc_row type=&#8220;vc_default&#8220; gap=&#8220;10&#8243; equal_height=&#8220;yes&#8220; content_placement=&#8220;middle&#8220; css=&#8220;.vc_custom_1737449657690{margin-top: 30px !important;}&#8220;][vc_column width=&#8220;1\/6&#8243; css=&#8220;.vc_custom_1737447369194{background-color: #E7E7E7 !important;}&#8220;][vc_icon icon_fontawesome=&#8220;fas fa-file-pdf&#8220; color=&#8220;custom&#8220; size=&#8220;xl&#8220; align=&#8220;center&#8220; css=&#8220;.vc_custom_1737447398782{margin-top: 10px !important;margin-bottom: 10px !important;padding-top: 20px !important;padding-bottom: 20px !important;}&#8220; custom_color=&#8220;#e51e1e&#8220; link=&#8220;url:https%3A%2F%2Flaboklin.de%2Fwp-content%2Fuploads%2F2022%2F10%2FLA_Derma_Oktober_2022_DE_FINAL.pdf|target:_blank&#8220;][\/vc_column][vc_column width=&#8220;5\/6&#8243; css=&#8220;.vc_custom_1737449690365{background-color: #e7e7e7 !important;}&#8220;][vc_column_text css=&#8220;.vc_custom_1737449695295{margin-top: 10px !important;margin-bottom: 10px !important;padding-top: 20px !important;padding-bottom: 20px !important;}&#8220;]<\/p>\n<p class=\"fancy-title entry-title color-accent start-animation-done start-animation\"><a href=\"https:\/\/laboklin.de\/wp-content\/uploads\/2022\/10\/LA_Derma_Oktober_2022_DE_FINAL.pdf\" target=\"_blank\" rel=\"noopener\"><strong>Fallbericht allergischer Hund \u2013 Futtermittelallergie und Atopie<\/strong><\/a><\/p>\n<p>[\/vc_column_text][\/vc_column][\/vc_row]<\/p>\n<\/div>","protected":false},"excerpt":{"rendered":"<p>Horsti ist ein kastrierter Terrier-Mischlingsr\u00fcde, der im Alter von ca. 4 Jahren mit unklarer Vorgeschichte als Notfall von einem Tierschutzverein \u00fcbernommen wurde.<\/p>\n","protected":false},"author":1,"featured_media":1319330,"comment_status":"closed","ping_status":"closed","sticky":false,"template":"","format":"standard","meta":{"_seopress_robots_primary_cat":"none","_seopress_titles_title":"","_seopress_titles_desc":"","_seopress_robots_index":"","footnotes":""},"categories":[520],"tags":[],"class_list":["post-1319323","post","type-post","status-publish","format-standard","has-post-thumbnail","hentry","category-laboklin-aktuell-dermatologie-2022","category-520","description-off"],"_links":{"self":[{"href":"https:\/\/laboklin.de\/de\/wp-json\/wp\/v2\/posts\/1319323","targetHints":{"allow":["GET"]}}],"collection":[{"href":"https:\/\/laboklin.de\/de\/wp-json\/wp\/v2\/posts"}],"about":[{"href":"https:\/\/laboklin.de\/de\/wp-json\/wp\/v2\/types\/post"}],"author":[{"embeddable":true,"href":"https:\/\/laboklin.de\/de\/wp-json\/wp\/v2\/users\/1"}],"replies":[{"embeddable":true,"href":"https:\/\/laboklin.de\/de\/wp-json\/wp\/v2\/comments?post=1319323"}],"version-history":[{"count":8,"href":"https:\/\/laboklin.de\/de\/wp-json\/wp\/v2\/posts\/1319323\/revisions"}],"predecessor-version":[{"id":1502584,"href":"https:\/\/laboklin.de\/de\/wp-json\/wp\/v2\/posts\/1319323\/revisions\/1502584"}],"wp:featuredmedia":[{"embeddable":true,"href":"https:\/\/laboklin.de\/de\/wp-json\/wp\/v2\/media\/1319330"}],"wp:attachment":[{"href":"https:\/\/laboklin.de\/de\/wp-json\/wp\/v2\/media?parent=1319323"}],"wp:term":[{"taxonomy":"category","embeddable":true,"href":"https:\/\/laboklin.de\/de\/wp-json\/wp\/v2\/categories?post=1319323"},{"taxonomy":"post_tag","embeddable":true,"href":"https:\/\/laboklin.de\/de\/wp-json\/wp\/v2\/tags?post=1319323"}],"curies":[{"name":"wp","href":"https:\/\/api.w.org\/{rel}","templated":true}]}}