{"id":1314979,"date":"2022-03-04T17:22:39","date_gmt":"2022-03-04T16:22:39","guid":{"rendered":"https:\/\/laboklin.de\/de\/?p=1314979"},"modified":"2022-03-07T12:24:31","modified_gmt":"2022-03-07T11:24:31","slug":"fuer-sie-gelesen-09-kw","status":"publish","type":"post","link":"https:\/\/laboklin.de\/de\/fuer-sie-gelesen-09-kw\/","title":{"rendered":"09. KW"},"content":{"rendered":"<div class=\"wpb-content-wrapper\"><p>[vc_row][vc_column][vc_column_text]<\/p>\n<h3>Woher kommst Du?<\/h3>\n<p>Die Frage nach dem Ursprung von SARS-CoV-2 bleibt unbeantwortet und eine endg\u00fcltige Kl\u00e4rung erscheint immer unwahrscheinlicher. Erkenntnisse einer aktuellen Studie, bei der organische und Proben von Oberfl\u00e4chen vom Huanan-Markt in Wuhan untersucht wurden, sprechen jedoch f\u00fcr eine \u00dcbertragung von einem Tier auf den Menschen auf eben diesem Markt, auch wenn der \u00dcbertr\u00e4ger selbst im Rahmen dieser Studie nicht identifiziert werden konnte. Details hat das \u00c4rzteblatt online:[\/vc_column_text]<style type=\"text\/css\" data-type=\"the7_shortcodes-inline-css\">#default-btn-b3959946e95626865cc2a25ade5ed126.ico-right-side > i {\n  margin-right: 0px;\n  margin-left: 8px;\n}\n#default-btn-b3959946e95626865cc2a25ade5ed126 > i {\n  margin-right: 8px;\n}<\/style><a href=\"https:\/\/www.aerzteblatt.de\/nachrichten\/132139\/SARS-CoV-2-Virusgene-am-Huananmarkt-und-fruehe-Ausbreitung-in-der-Umgebung-stuetzen-zoonotische-Herkunft\" class=\"default-btn-shortcode dt-btn dt-btn-m link-hover-off btn-inline-left  vc_custom_1646650959676\" target=\"_blank\" id=\"default-btn-b3959946e95626865cc2a25ade5ed126\" title=\"aerzteblatt | SARS-CoV-2: Virusgene am Huananmarkt...\" rel=\"noopener\"><span>aerzteblatt | SARS-CoV-2: Virusgene am Huananmarkt&#8230;<\/span><\/a>[vc_separator color=&#8220;custom&#8220; align=&#8220;align_left&#8220; el_width=&#8220;80&#8243; accent_color=&#8220;#0000ff&#8220; css=&#8220;.vc_custom_1646651707659{margin-top: 10px !important;margin-bottom: 20px !important;}&#8220;][vc_column_text]<\/p>\n<h3><span style=\"color: #0000ff;\">Booster gegen Omikron: Kein Vorteil durch angepassten Impfstoff<\/span><\/h3>\n<p>Die ersten Impfstoffhersteller hatten schon vor einiger Zeit damit begonnen, an die neue Variante von SARS-CoV-2 angepasste Impfstoffe zu entwickeln. Erste (wenn auch noch sp\u00e4rliche) Erkenntnisse zur Boosterung mit diesen angepassten Impfstoffen deuten jetzt darauf hin, dass dies keinen nennenswerten Vorteil gegen\u00fcber einem Booster mit einem der bereits verf\u00fcgbaren Impfstoffe bringt. Nature online berichtet: [\/vc_column_text]<style type=\"text\/css\" data-type=\"the7_shortcodes-inline-css\">#default-btn-311f4a665dc2bff1f27c246bc0ba981d.ico-right-side > i {\n  margin-right: 0px;\n  margin-left: 8px;\n}\n#default-btn-311f4a665dc2bff1f27c246bc0ba981d > i {\n  margin-right: 8px;\n}<\/style><a href=\"https:\/\/www.nature.com\/articles\/d41586-022-00003-y\" class=\"default-btn-shortcode dt-btn dt-btn-m link-hover-off btn-inline-left  vc_custom_1646651059034\" target=\"_blank\" id=\"default-btn-311f4a665dc2bff1f27c246bc0ba981d\" title=\"ENG | nature | Omicron-targeted vaccines do no better than...\" rel=\"noopener\"><span>ENG | nature | Omicron-targeted vaccines do no better than&#8230;<\/span><\/a>[vc_separator color=&#8220;custom&#8220; align=&#8220;align_left&#8220; border_width=&#8220;2&#8243; el_width=&#8220;80&#8243; accent_color=&#8220;#0000ff&#8220; css=&#8220;.vc_custom_1642421242035{margin-top: 10px !important;margin-bottom: 20px !important;}&#8220;][vc_column_text]<\/p>\n<h3>Der Omikron-Faktor<\/h3>\n<p>Sind Menschen an oder mit Covid gestorben? Wie h\u00e4ufig kommt es vor, dass eine Infektion mit der Variante Omikron zum Tod f\u00fchrt? Die gute Nachricht hat das \u00c4rzteblatt online: Omikron verursacht im Vergleich zu der Delta-Variante weniger Todesf\u00e4lle:[\/vc_column_text]<style type=\"text\/css\" data-type=\"the7_shortcodes-inline-css\">#default-btn-2a44b6a920be6de1d06dec20dc173c45.ico-right-side > i {\n  margin-right: 0px;\n  margin-left: 8px;\n}\n#default-btn-2a44b6a920be6de1d06dec20dc173c45 > i {\n  margin-right: 8px;\n}<\/style><a href=\"https:\/\/www.aerzteblatt.de\/nachrichten\/132177\/Studie-Sterberisiko-bei-Omikron-67-niedriger-als-bei-Delta\" class=\"default-btn-shortcode dt-btn dt-btn-m link-hover-off btn-inline-left  vc_custom_1646651146901\" target=\"_blank\" id=\"default-btn-2a44b6a920be6de1d06dec20dc173c45\" title=\"aerzteblatt | Sterberisiko bei Omikron 67 % niedriger...\" rel=\"noopener\"><span>aerzteblatt | Sterberisiko bei Omikron 67 % niedriger&#8230;<\/span><\/a>[vc_column_text]Auf die schlechte weist der Spiegel online in diesem Zusammenhang hin: Datenerhebung in Deutschland ist und bleibt auch nach \u00fcber 2 Jahren Pandemie eine schwierige Angelegenheit:<br \/>\n[\/vc_column_text]<style type=\"text\/css\" data-type=\"the7_shortcodes-inline-css\">#default-btn-29e6eb83c9313db7a077de3d8d249eab.ico-right-side > i {\n  margin-right: 0px;\n  margin-left: 8px;\n}\n#default-btn-29e6eb83c9313db7a077de3d8d249eab > i {\n  margin-right: 8px;\n}<\/style><a href=\"https:\/\/www.spiegel.de\/wissenschaft\/covid-19-todeszahlen-mit-omikron-gestorben-oder-wegen-a-b79ae99b-e2bf-4364-a1d8-745cc7573ec1\" class=\"default-btn-shortcode dt-btn dt-btn-m link-hover-off btn-inline-left  vc_custom_1646651222784\" target=\"_blank\" id=\"default-btn-29e6eb83c9313db7a077de3d8d249eab\" title=\"SPIEGEL Wissenschaft | An Omikron verstorben \u2013 oder mit?\" rel=\"noopener\"><span>SPIEGEL Wissenschaft | An Omikron verstorben \u2013 oder mit?<\/span><\/a>[vc_separator color=&#8220;custom&#8220; align=&#8220;align_left&#8220; el_width=&#8220;80&#8243; accent_color=&#8220;#e51e1e&#8220; css=&#8220;.vc_custom_1646652061471{margin-top: 10px !important;margin-bottom: 20px !important;}&#8220;][vc_column_text]<\/p>\n<h3><img loading=\"lazy\" decoding=\"async\" class=\"alignleft wp-image-1315003\" src=\"https:\/\/laboklin.de\/wp-content\/uploads\/2022\/03\/News_09KW_02-300x185.jpg\" alt=\"\" width=\"360\" height=\"222\" srcset=\"https:\/\/laboklin.de\/wp-content\/uploads\/2022\/03\/News_09KW_02-300x185.jpg 300w, https:\/\/laboklin.de\/wp-content\/uploads\/2022\/03\/News_09KW_02.jpg 650w\" sizes=\"auto, (max-width: 360px) 100vw, 360px\" \/><strong>Vor\u00fcbergehend erleichterte<\/strong> Einreisebedingungen f\u00fcr Heimtiere aus der<strong> Ukraine<\/strong><\/h3>\n<p>Angesichts der Lage ist es eine kleine, aber f\u00fcr den einzelnen Tierhalter doch wichtige Hilfestellung: Tierhalter mit ihren Heimtieren k\u00f6nnen vorerst aus der Ukraine einreisen, ohne vorab eine Genehmigung nach Verordnung (EU) 576\/2013 beantragen zu m\u00fcssen, so die Angabe des Bundesministeriums f\u00fcr Ern\u00e4hrung und Landwirtschaft. Weitere Informationen finden sich auf der Webseite des Ministeriums:[\/vc_column_text]<style type=\"text\/css\" data-type=\"the7_shortcodes-inline-css\">#default-btn-cd7ef23b716f42ef26e878dc2acce93a.ico-right-side > i {\n  margin-right: 0px;\n  margin-left: 8px;\n}\n#default-btn-cd7ef23b716f42ef26e878dc2acce93a > i {\n  margin-right: 8px;\n}<\/style><a href=\"https:\/\/www.bmel.de\/DE\/themen\/tiere\/haus-und-zootiere\/einreise-heimtiere-ukraine.html\" class=\"default-btn-shortcode dt-btn dt-btn-m link-hover-off btn-inline-left  vc_custom_1646651296287\" target=\"_blank\" id=\"default-btn-cd7ef23b716f42ef26e878dc2acce93a\" title=\"bmel.de | Einreise mit Heimtieren aus der Ukraine...\" rel=\"noopener\"><span>bmel.de | Einreise mit Heimtieren aus der Ukraine&#8230;<\/span><\/a>[vc_column_text]Da eine Testung der Tollwuttiter aber im Anschluss an die Einreise nachgeholt werden muss, stellt Laboklin ein Kontingent von 100 kostenfreien* Untersuchungen zur Verf\u00fcgung. den dazu ben\u00f6tigten Auftrag finden Sie auf der Laboklin Homepage. Auch die noch verf\u00fcgbare Menge wird dort abrufbar sein. Falls Sie Fragen dazu haben, melden Sie sich gerne telefonisch bei uns. Wichtig: Dem Auftragsformular muss zur Inanspruchnahme beigef\u00fcgt werden:<\/p>\n<ul>\n<li style=\"list-style-type: none;\">\n<ul>\n<li>Eine Kopie der Seite des Reisepasses mit den Angaben zum Tierhalter und<\/li>\n<li>eine Kopie der Seite des Reisepasses des Tierhalters mit dem Einreisestempel.<\/li>\n<\/ul>\n<\/li>\n<\/ul>\n<p>[\/vc_column_text]<style type=\"text\/css\" data-type=\"the7_shortcodes-inline-css\">#default-btn-1a7014566a5c3b595976f7c0b5152ea8.ico-right-side > i {\n  margin-right: 0px;\n  margin-left: 8px;\n}\n#default-btn-1a7014566a5c3b595976f7c0b5152ea8 > i {\n  margin-right: 8px;\n}<\/style><a href=\"https:\/\/laboklin.de\/de\/kostenlose-tollwuttiterbestimmungen-fuer-tiere-von-gefluechteten\/\" class=\"default-btn-shortcode dt-btn dt-btn-m link-hover-off btn-inline-left  vc_custom_1646651370563\" target=\"_blank\" id=\"default-btn-1a7014566a5c3b595976f7c0b5152ea8\" title=\"*) Eine Aktion von Laboklin\" rel=\"noopener\"><span>*) Eine Aktion von Laboklin<\/span><\/a>[vc_separator color=&#8220;custom&#8220; align=&#8220;align_left&#8220; el_width=&#8220;80&#8243; accent_color=&#8220;#0000ff&#8220; css=&#8220;.vc_custom_1646651722253{margin-top: 10px !important;margin-bottom: 20px !important;}&#8220;][vc_column_text]<\/p>\n<h3><span style=\"color: #0000ff;\">Gro\u00dfe Hunde, kleine Hunde<\/span><\/h3>\n<p>Keine andere S\u00e4ugetierart pr\u00e4sentiert sich in so vielen unterschiedlichen Gr\u00f6\u00dfen wie der Hund. Forscher haben jetzt einen Hinweis darauf gefunden, dass die genetische Grundlage daf\u00fcr schon bei einem sibirischen Wolf zu finden war, der vor 53.000 Jahren lebte, wei\u00df Nature online:[\/vc_column_text]<style type=\"text\/css\" data-type=\"the7_shortcodes-inline-css\">#default-btn-a7cfdab8670fc89d00ad2846df612cf1.ico-right-side > i {\n  margin-right: 0px;\n  margin-left: 8px;\n}\n#default-btn-a7cfdab8670fc89d00ad2846df612cf1 > i {\n  margin-right: 8px;\n}<\/style><a href=\"https:\/\/www.nature.com\/articles\/d41586-022-00209-0?utm_source=Nature+Briefing&amp;utm_campaign=b124caafb6-briefing-dy-2022028&amp;utm_medium=email&amp;utm_term=0_c9dfd39373-b124caafb6-45565058\" class=\"default-btn-shortcode dt-btn dt-btn-m link-hover-off btn-inline-left  vc_custom_1646651518530\" target=\"_blank\" id=\"default-btn-a7cfdab8670fc89d00ad2846df612cf1\" title=\"ENG | nature | Big dog, little dog: mutation...\" rel=\"noopener\"><span>ENG | nature | Big dog, little dog: mutation&#8230;<\/span><\/a>[vc_separator color=&#8220;custom&#8220; align=&#8220;align_left&#8220; border_width=&#8220;2&#8243; el_width=&#8220;80&#8243; accent_color=&#8220;#0000ff&#8220; css=&#8220;.vc_custom_1642421242035{margin-top: 10px !important;margin-bottom: 20px !important;}&#8220;][vc_column_text]<\/p>\n<h3>Fortbildungsmonat M\u00e4rz 2022<\/h3>\n<p>Im M\u00e4rz ist bei unseren Seminaren wirklich f\u00fcr jeden etwas dabei: Von der Endokrinologie &amp; dem genetischen Hufabdruck, um die es am 9.3. bei unserem Online-Seminar geht, \u00fcber Harnabsatzst\u00f6rungen bei der Katze am 16.3. (ebenfalls online) zum Pruritus beim Hund am 30.3. in Bingen\/Rhein. Weitere Infos zu diesen und zu weiteren Fortbildungsangeboten finden Sie auf der Homepage der Laboklin Akademie:[\/vc_column_text]<style type=\"text\/css\" data-type=\"the7_shortcodes-inline-css\">#default-btn-56f2c09734c68c2118262138aa7dafce.ico-right-side > i {\n  margin-right: 0px;\n  margin-left: 8px;\n}\n#default-btn-56f2c09734c68c2118262138aa7dafce > i {\n  margin-right: 8px;\n}<\/style><a href=\"https:\/\/laboklin.de\/de\/seminare-fortbildungen\/\" class=\"default-btn-shortcode dt-btn dt-btn-m link-hover-off btn-inline-left  vc_custom_1646651585845\" target=\"_blank\" id=\"default-btn-56f2c09734c68c2118262138aa7dafce\" title=\"LABOKLIN Akademie\" rel=\"noopener\"><span>LABOKLIN Akademie<\/span><\/a>[vc_column_text]Und als Sonder-Tipp f\u00fcr die Allergie-Interessierten unter uns: Am 9.3. bieten die \u00f6sterreichischen Kollegen ein Online-Seminar mit dem Titel \u201eFallorientierte Aufarbeitung der Allergie beim Hund\u201c an, bei dem die systematische Diagnostik von allergischen Patienten hinsichtlich klinischer und labordiagnostischer Aufarbeitung sowie therapeutischen M\u00f6glichkeiten besprochen wird. Alle Infos zu der Veranstaltung finden Sie hier:[\/vc_column_text]<style type=\"text\/css\" data-type=\"the7_shortcodes-inline-css\">#default-btn-b214cc579e987f21d2b063e3c486d669.ico-right-side > i {\n  margin-right: 0px;\n  margin-left: 8px;\n}\n#default-btn-b214cc579e987f21d2b063e3c486d669 > i {\n  margin-right: 8px;\n}<\/style><a href=\"https:\/\/akademie.laboklin.at\/at\/seminar\/fallorientierte-aufarbeitung-der-allergie-beim-hund-48.php\" class=\"default-btn-shortcode dt-btn dt-btn-m link-hover-off btn-inline-left  vc_custom_1646651657667\" target=\"_blank\" id=\"default-btn-b214cc579e987f21d2b063e3c486d669\" title=\"LABOKLIN Akademie \u00d6sterreich\" rel=\"noopener\"><span>LABOKLIN Akademie \u00d6sterreich<\/span><\/a>[vc_separator color=&#8220;custom&#8220; align=&#8220;align_left&#8220; el_width=&#8220;80&#8243; accent_color=&#8220;#e51e1e&#8220; css=&#8220;.vc_custom_1646652061471{margin-top: 10px !important;margin-bottom: 20px !important;}&#8220;][\/vc_column][\/vc_row][vc_row][vc_column][\/vc_column][\/vc_row]<\/p>\n<\/div>","protected":false},"excerpt":{"rendered":"<p>+ Woher kommst Du?<br \/>\n+ Booster gegen Omikron: Kein Vorteil durch angepassten Impfstoff <br \/>\n+ Der Omikron-Faktor<br \/>\n+ Vor\u00fcbergehend erleichterte Einreisebedingungen f\u00fcr Heimtiere aus der Ukraine<br \/>\n+ Gro\u00dfe Hunde, kleine Hunde<br \/>\n+ Fortbildungsmonat M\u00e4rz 2022<\/p>\n","protected":false},"author":1,"featured_media":1314980,"comment_status":"closed","ping_status":"closed","sticky":false,"template":"","format":"standard","meta":{"_seopress_robots_primary_cat":"none","_seopress_titles_title":"","_seopress_titles_desc":"","_seopress_robots_index":"","footnotes":""},"categories":[87],"tags":[],"class_list":["post-1314979","post","type-post","status-publish","format-standard","has-post-thumbnail","hentry","category-laboklin-fuersiegelesen","category-87","description-off"],"_links":{"self":[{"href":"https:\/\/laboklin.de\/de\/wp-json\/wp\/v2\/posts\/1314979","targetHints":{"allow":["GET"]}}],"collection":[{"href":"https:\/\/laboklin.de\/de\/wp-json\/wp\/v2\/posts"}],"about":[{"href":"https:\/\/laboklin.de\/de\/wp-json\/wp\/v2\/types\/post"}],"author":[{"embeddable":true,"href":"https:\/\/laboklin.de\/de\/wp-json\/wp\/v2\/users\/1"}],"replies":[{"embeddable":true,"href":"https:\/\/laboklin.de\/de\/wp-json\/wp\/v2\/comments?post=1314979"}],"version-history":[{"count":13,"href":"https:\/\/laboklin.de\/de\/wp-json\/wp\/v2\/posts\/1314979\/revisions"}],"predecessor-version":[{"id":1315014,"href":"https:\/\/laboklin.de\/de\/wp-json\/wp\/v2\/posts\/1314979\/revisions\/1315014"}],"wp:featuredmedia":[{"embeddable":true,"href":"https:\/\/laboklin.de\/de\/wp-json\/wp\/v2\/media\/1314980"}],"wp:attachment":[{"href":"https:\/\/laboklin.de\/de\/wp-json\/wp\/v2\/media?parent=1314979"}],"wp:term":[{"taxonomy":"category","embeddable":true,"href":"https:\/\/laboklin.de\/de\/wp-json\/wp\/v2\/categories?post=1314979"},{"taxonomy":"post_tag","embeddable":true,"href":"https:\/\/laboklin.de\/de\/wp-json\/wp\/v2\/tags?post=1314979"}],"curies":[{"name":"wp","href":"https:\/\/api.w.org\/{rel}","templated":true}]}}