{"id":1308362,"date":"2021-04-16T17:06:30","date_gmt":"2021-04-16T15:06:30","guid":{"rendered":"https:\/\/laboklin.de\/de\/?p=1308362"},"modified":"2021-04-19T08:47:07","modified_gmt":"2021-04-19T06:47:07","slug":"laboklin-fuer-sie-gelesen-15-kw","status":"publish","type":"post","link":"https:\/\/laboklin.de\/de\/laboklin-fuer-sie-gelesen-15-kw\/","title":{"rendered":"15. KW"},"content":{"rendered":"<div class=\"wpb-content-wrapper\"><p>[vc_row][vc_column][vc_column_text]<\/p>\n<h3>The Good<\/h3>\n<p>Ist er das das jetzt (endlich), der Gamechanger?<br \/>\n\u00dcber positive Effekte inhalativer Steroide hatten wir bereits im Februar berichtet, nun machen neue Studienergebnisse zus\u00e4tzliche Hoffnung. N\u00e4heres wei\u00df das \u00c4rzteblatt online:[\/vc_column_text]<style type=\"text\/css\" data-type=\"the7_shortcodes-inline-css\">#default-btn-0417d5043a716fab309c2408a864dcca.ico-right-side > i {\n  margin-right: 0px;\n  margin-left: 8px;\n}\n#default-btn-0417d5043a716fab309c2408a864dcca > i {\n  margin-right: 8px;\n}<\/style><a href=\"https:\/\/www.aerzteblatt.de\/nachrichten\/122918\/Weitere-Studie-belegt-Nutzen-von-inhalativen-Steroiden-in-der-Fruehphase-von-COVID-19\" class=\"default-btn-shortcode dt-btn dt-btn-m link-hover-off btn-inline-left  vc_custom_1618814193937\" target=\"_blank\" id=\"default-btn-0417d5043a716fab309c2408a864dcca\" title=\"aerzteblatt.de | ...Nutzen von inhalativen Steroiden\" rel=\"noopener\"><span>aerzteblatt.de | &#8230;Nutzen von inhalativen Steroiden<\/span><\/a>[vc_column_text]Cocktails f\u00fcr alle (Mitbewohner)! Subkutan verabreicht sch\u00fctzt die Kombination aus den beiden monoklonalen Antik\u00f6rpern Casirivimab und Imdevimab Haushaltsmitglieder von COVID-19-Patienten vor einer Infektion, wie das \u00c4rzteblatt online berichtet:[\/vc_column_text]<style type=\"text\/css\" data-type=\"the7_shortcodes-inline-css\">#default-btn-f274a618cf3d5f0a45b97f67adc92414.ico-right-side > i {\n  margin-right: 0px;\n  margin-left: 8px;\n}\n#default-btn-f274a618cf3d5f0a45b97f67adc92414 > i {\n  margin-right: 8px;\n}<\/style><a href=\"https:\/\/www.aerzteblatt.de\/nachrichten\/sw\/COVID-19?s=&amp;p=1&amp;n=1&amp;nid=122883\" class=\"default-btn-shortcode dt-btn dt-btn-m link-hover-off btn-inline-left  vc_custom_1618814116069\" target=\"_blank\" id=\"default-btn-f274a618cf3d5f0a45b97f67adc92414\" title=\"aerzteblatt.de | Subkutaner Antik\u00f6rpercocktail...\" rel=\"noopener\"><span>aerzteblatt.de | Subkutaner Antik\u00f6rpercocktail&#8230;<\/span><\/a>[vc_column_text]<\/p>\n<h3>The Bad<\/h3>\n<p>Vorratshaltung zu Lasten der Geschwindigkeit: In Deutschland lagern fast 4 Millionen Impfdosen \u2013 etwa f\u00fcr schlechte Zeiten??!! Die FAZ online pl\u00e4diert f\u00fcr z\u00fcgiges Verorten &amp; Verimpfen:[\/vc_column_text]<style type=\"text\/css\" data-type=\"the7_shortcodes-inline-css\">#default-btn-aae9200fc03c42c1b26294f8968e6fe2.ico-right-side > i {\n  margin-right: 0px;\n  margin-left: 8px;\n}\n#default-btn-aae9200fc03c42c1b26294f8968e6fe2 > i {\n  margin-right: 8px;\n}<\/style><a href=\"https:\/\/www.faz.net\/aktuell\/wirtschaft\/astrazeneca-biontech-moderna-vier-millionen-impfdosen-ungenutzt-17291586.html\" class=\"default-btn-shortcode dt-btn dt-btn-m link-hover-off btn-inline-left  vc_custom_1618814353348\" target=\"_blank\" id=\"default-btn-aae9200fc03c42c1b26294f8968e6fe2\" title=\"FAZ.net | Verorten & Verimpfen\" rel=\"noopener\"><span>FAZ.net | Verorten &amp; Verimpfen<\/span><\/a>[vc_column_text]Nicht auch noch Johnson &amp; Johnson\u2026 Kurz nach dem Beginn der Auslieferung in Europa stoppen die USA den Einsatz des Impfstoffs wegen einiger F\u00e4lle von Sinusvenenthrombosen. Die Bedeutung f\u00fcr die Impfkampagne in Deutschland ist noch offen, so das \u00c4rzteblatt online:[\/vc_column_text]<style type=\"text\/css\" data-type=\"the7_shortcodes-inline-css\">#default-btn-be04e2894aaa47c597f7c87433573055.ico-right-side > i {\n  margin-right: 0px;\n  margin-left: 8px;\n}\n#default-btn-be04e2894aaa47c597f7c87433573055 > i {\n  margin-right: 8px;\n}<\/style><a href=\"https:\/\/www.aerzteblatt.de\/nachrichten\/122919\/USA-stoppen-Einsatz-von-J-J-Impfstoff-wegen-thrombotischer-Komplikationen-Hersteller-begrenzt-Lieferungen-nach-Europa\" class=\"default-btn-shortcode dt-btn dt-btn-m link-hover-off btn-inline-left  vc_custom_1618814399081\" target=\"_blank\" id=\"default-btn-be04e2894aaa47c597f7c87433573055\" title=\"aerzteblatt.de | Johnson & Johnson\" rel=\"noopener\"><span>aerzteblatt.de | Johnson &amp; Johnson<\/span><\/a>[vc_column_text]<\/p>\n<h3>And The (Very) Ugly<\/h3>\n<p>Coronavirus-Variante P1: Das neue Ischgl liegt in Kanada, berichtet der Spiegel online:[\/vc_column_text]<style type=\"text\/css\" data-type=\"the7_shortcodes-inline-css\">#default-btn-9408541d816453c454c4091f5e7fe79a.ico-right-side > i {\n  margin-right: 0px;\n  margin-left: 8px;\n}\n#default-btn-9408541d816453c454c4091f5e7fe79a > i {\n  margin-right: 8px;\n}<\/style><a href=\"https:\/\/www.spiegel.de\/wissenschaft\/medizin\/coronavirus-variante-p1-in-whistler-die-mutantenhochburg-a-4dbc22ce-c931-49a1-b41d-0d86cf3c549a\" class=\"default-btn-shortcode dt-btn dt-btn-m link-hover-off btn-inline-left  vc_custom_1618814469752\" target=\"_blank\" id=\"default-btn-9408541d816453c454c4091f5e7fe79a\" title=\"Spiegel.de | Coronavirus Variante P1\" rel=\"noopener\"><span>Spiegel.de | Coronavirus Variante P1<\/span><\/a>[vc_separator color=&#8220;custom&#8220; align=&#8220;align_left&#8220; el_width=&#8220;70&#8243; accent_color=&#8220;#e51e1e&#8220;][\/vc_column][\/vc_row][vc_row type=&#8220;vc_default&#8220; css=&#8220;.vc_custom_1614264835424{margin-top: 30px !important;}&#8220;][vc_column][vc_column_text]<\/p>\n<h3><span style=\"color: #0000ff;\">Fortbildungsgelegenheit f\u00fcr Augeninteressierte<\/span><\/h3>\n<p>Es ist in englischer Sprache, aber auf dieses Web-Seminar wollten wir Sie trotzdem gerne aufmerksam machen \u2013 f\u00fcr den Einen oder Anderen ist es bestimmt von Interesse:<\/p>\n<h4 style=\"text-align: center;\">Hereditary Eye Diseases in Italian breeds<br \/>\n<strong>22. April 2021, 21:00 Uhr<\/strong><\/h4>\n<p><strong>Referent:<\/strong> Dr. Adolfo Guandalini (DMV, PhD, Dipl.ECVO, DIU Chir. RetinoVitreenne)<br \/>\nRegistrieren Sie sich kostenfrei unter folgendem Link:[\/vc_column_text]<style type=\"text\/css\" data-type=\"the7_shortcodes-inline-css\">#default-btn-f83c356a5acf6155e6c8bb7437c2c681.ico-right-side > i {\n  margin-right: 0px;\n  margin-left: 10px;\n}\n#default-btn-f83c356a5acf6155e6c8bb7437c2c681 > i {\n  margin-right: 10px;\n}<\/style><a href=\"https:\/\/laboklin.zoom.us\/webinar\/register\/WN_86B8JH5wQzeCeZqDGs9QEg\" class=\"default-btn-shortcode dt-btn dt-btn-m link-hover-off anchor-link btn-inline-left  vc_custom_1618814573838\" target=\"_blank\" id=\"default-btn-f83c356a5acf6155e6c8bb7437c2c681\" title=\"ENG | ZOOM | Anmeldung Web-Seminar\" rel=\"noopener\"><i class=\"fas fa-globe-americas\"><\/i><span>ENG | ZOOM | Anmeldung Web-Seminar<\/span><\/a>[vc_separator color=&#8220;custom&#8220; align=&#8220;align_left&#8220; el_width=&#8220;70&#8243; accent_color=&#8220;#e51e1e&#8220;][\/vc_column][\/vc_row]<\/p>\n<\/div>","protected":false},"excerpt":{"rendered":"<p>+ Positive Effekte inhalativer Steroide&#8230;<br \/>\n+ Subkutaner Antik\u00f6rpercocktail sch\u00fctzt<br \/>\n+ Fast vier Millionen Impfdosen liegen ungenutzt herum<br \/>\n+ USA stoppen Einsatz von J&#038;J-Impfstoff<br \/>\n+ Die Mutantenhochburg <br \/>\n+ Fortbildungsgelegenheit f\u00fcr Augeninteressierte<\/p>\n","protected":false},"author":1,"featured_media":1308363,"comment_status":"closed","ping_status":"closed","sticky":false,"template":"","format":"standard","meta":{"_seopress_robots_primary_cat":"none","_seopress_titles_title":"","_seopress_titles_desc":"","_seopress_robots_index":"","footnotes":""},"categories":[87],"tags":[],"class_list":["post-1308362","post","type-post","status-publish","format-standard","has-post-thumbnail","hentry","category-laboklin-fuersiegelesen","category-87","description-off"],"_links":{"self":[{"href":"https:\/\/laboklin.de\/de\/wp-json\/wp\/v2\/posts\/1308362","targetHints":{"allow":["GET"]}}],"collection":[{"href":"https:\/\/laboklin.de\/de\/wp-json\/wp\/v2\/posts"}],"about":[{"href":"https:\/\/laboklin.de\/de\/wp-json\/wp\/v2\/types\/post"}],"author":[{"embeddable":true,"href":"https:\/\/laboklin.de\/de\/wp-json\/wp\/v2\/users\/1"}],"replies":[{"embeddable":true,"href":"https:\/\/laboklin.de\/de\/wp-json\/wp\/v2\/comments?post=1308362"}],"version-history":[{"count":4,"href":"https:\/\/laboklin.de\/de\/wp-json\/wp\/v2\/posts\/1308362\/revisions"}],"predecessor-version":[{"id":1308367,"href":"https:\/\/laboklin.de\/de\/wp-json\/wp\/v2\/posts\/1308362\/revisions\/1308367"}],"wp:featuredmedia":[{"embeddable":true,"href":"https:\/\/laboklin.de\/de\/wp-json\/wp\/v2\/media\/1308363"}],"wp:attachment":[{"href":"https:\/\/laboklin.de\/de\/wp-json\/wp\/v2\/media?parent=1308362"}],"wp:term":[{"taxonomy":"category","embeddable":true,"href":"https:\/\/laboklin.de\/de\/wp-json\/wp\/v2\/categories?post=1308362"},{"taxonomy":"post_tag","embeddable":true,"href":"https:\/\/laboklin.de\/de\/wp-json\/wp\/v2\/tags?post=1308362"}],"curies":[{"name":"wp","href":"https:\/\/api.w.org\/{rel}","templated":true}]}}