{"id":1307953,"date":"2021-03-26T15:24:47","date_gmt":"2021-03-26T14:24:47","guid":{"rendered":"https:\/\/laboklin.de\/de\/?p=1307953"},"modified":"2021-04-07T11:25:17","modified_gmt":"2021-04-07T09:25:17","slug":"fuer-sie-gelesen-12-kw","status":"publish","type":"post","link":"https:\/\/laboklin.de\/de\/fuer-sie-gelesen-12-kw\/","title":{"rendered":"12. KW"},"content":{"rendered":"<div class=\"wpb-content-wrapper\"><p>[vc_row][vc_column][vc_column_text]<\/p>\n<h3>Oster-Lockdown mit Ruhetagen: Ja, nein, vielleicht<\/h3>\n<p>Nachdem f\u00fcr Ostern ein versch\u00e4rfter \u201eWellenbrecher-Lockdown\u201c beschlossen worden war, absolviert Angela Merkel nun heute die Rolle r\u00fcckw\u00e4rts. Den aktuellen Stand der Dinge hat Zeit online.[\/vc_column_text]<style type=\"text\/css\" data-type=\"the7_shortcodes-inline-css\">#default-btn-0d514e3eb4e366a5bdfe4f61f0a0d2f6.ico-right-side > i {\n  margin-right: 0px;\n  margin-left: 8px;\n}\n#default-btn-0d514e3eb4e366a5bdfe4f61f0a0d2f6 > i {\n  margin-right: 8px;\n}<\/style><a href=\"https:\/\/www.zeit.de\/politik\/deutschland\/2021-03\/corona-ministerpraesidentenkonferenz-lockdown-ostern-bund-laender-angela-merkel-kanzleramt\" class=\"default-btn-shortcode dt-btn dt-btn-m link-hover-off btn-inline-left  vc_custom_1617785630269\" target=\"_blank\" id=\"default-btn-0d514e3eb4e366a5bdfe4f61f0a0d2f6\" title=\"Zeit online | Wellenbrecher-Lockdown\" rel=\"noopener\"><span>Zeit online | Wellenbrecher-Lockdown<\/span><\/a><style type=\"text\/css\" data-type=\"the7_shortcodes-inline-css\">#default-btn-b07f37d76533234b2cb001b3eb3a036c.ico-right-side > i {\n  margin-right: 0px;\n  margin-left: 8px;\n}\n#default-btn-b07f37d76533234b2cb001b3eb3a036c > i {\n  margin-right: 8px;\n}<\/style><a href=\"https:\/\/www.zeit.de\/politik\/deutschland\/2021-03\/merkel-will-nun-doch-keine-ruhetage-ueber-ostern\" class=\"default-btn-shortcode dt-btn dt-btn-m link-hover-off btn-inline-left  vc_custom_1617785573966\" target=\"_blank\" id=\"default-btn-b07f37d76533234b2cb001b3eb3a036c\" title=\"Zeit online | Stand der Dinge\" rel=\"noopener\"><span>Zeit online | Stand der Dinge<\/span><\/a>[vc_column_text]<\/p>\n<h3>Und t\u00e4glich gr\u00fc\u00dft AstraZeneca<\/h3>\n<p>Der Impfstoff kommt einfach nicht aus den Schlagzeilen. Laut aktuellen Meldungen haben US-Experten Bedenken, dass bei einer neuen Studie des britisch-schwedischen Konzerns zu Wirksamkeit und Vertr\u00e4glichkeit des Impfstoffes \u201everaltete Informationen\u201c einbezogen worden seien. Dabei sollte eigentlich baldm\u00f6glichst eine Notfallzulassung in den USA beantragt werden, berichtet die Tagesschau online.<\/p>\n<p>Zus\u00e4tzlich meldet das \u00c4rzteblatt online, dass das Paul-Ehrlich-Institut (PEI) mittlerweile 16 F\u00e4lle von Hirnvenenthrombosen in Zusammenhang mit einer AstraZeneca-Impfung registriert hat.[\/vc_column_text]<style type=\"text\/css\" data-type=\"the7_shortcodes-inline-css\">#default-btn-7bbf24b06b49f39790a5fa753cf2c424.ico-right-side > i {\n  margin-right: 0px;\n  margin-left: 8px;\n}\n#default-btn-7bbf24b06b49f39790a5fa753cf2c424 > i {\n  margin-right: 8px;\n}<\/style><a href=\"https:\/\/www.tagesschau.de\/ausland\/amerika\/astra-zeneca-studie-zweifel-101.html\" class=\"default-btn-shortcode dt-btn dt-btn-m link-hover-off btn-inline-left  vc_custom_1617785709380\" target=\"_blank\" id=\"default-btn-7bbf24b06b49f39790a5fa753cf2c424\" title=\"Tagesschau online | AstraZeneca Studie\" rel=\"noopener\"><span>Tagesschau online | AstraZeneca Studie<\/span><\/a><style type=\"text\/css\" data-type=\"the7_shortcodes-inline-css\">#default-btn-93b4213b465d8461d84b682ce414448d.ico-right-side > i {\n  margin-right: 0px;\n  margin-left: 8px;\n}\n#default-btn-93b4213b465d8461d84b682ce414448d > i {\n  margin-right: 8px;\n}<\/style><a href=\"https:\/\/www.aerzteblatt.de\/nachrichten\/122311\/Inzwischen-16-Faelle-von-Hirnvenenthrombosen-in-Deutschland-gemeldet\" class=\"default-btn-shortcode dt-btn dt-btn-m link-hover-off btn-inline-left  vc_custom_1617785752900\" target=\"_blank\" id=\"default-btn-93b4213b465d8461d84b682ce414448d\" title=\"\u00c4rzteblatt online | Hirnvenenthrombosen\" rel=\"noopener\"><span>\u00c4rzteblatt online | Hirnvenenthrombosen<\/span><\/a>[vc_separator color=&#8220;custom&#8220; align=&#8220;align_left&#8220; el_width=&#8220;70&#8243; accent_color=&#8220;#e51e1e&#8220;][\/vc_column][\/vc_row][vc_row type=&#8220;vc_default&#8220; css=&#8220;.vc_custom_1614264835424{margin-top: 30px !important;}&#8220;][vc_column][vc_column_text]<\/p>\n<h3><span style=\"color: #0000ff;\">SARS-CoV-2: Warum Herdenimmunit\u00e4t m\u00f6glicherweise unerreichbar bleibt<\/span><\/h3>\n<p>Nature online beleuchtet die Faktoren, die gegen das Erreichen einer Herdenimmunit\u00e4t sprechen.[\/vc_column_text]<style type=\"text\/css\" data-type=\"the7_shortcodes-inline-css\">#default-btn-c80ad6125035a833932e82ed9cc54b55.ico-right-side > i {\n  margin-right: 0px;\n  margin-left: 10px;\n}\n#default-btn-c80ad6125035a833932e82ed9cc54b55 > i {\n  margin-right: 10px;\n}<\/style><a href=\"https:\/\/www.nature.com\/articles\/d41586-021-00728-2\" class=\"default-btn-shortcode dt-btn dt-btn-m link-hover-off anchor-link btn-inline-left  vc_custom_1617786376348\" target=\"_blank\" id=\"default-btn-c80ad6125035a833932e82ed9cc54b55\" title=\"ENG | Nature online | COVID herd immunity\" rel=\"noopener\"><i class=\"fas fa-globe-americas\"><\/i><span>ENG | Nature online | COVID herd immunity<\/span><\/a>[vc_column_text]<\/p>\n<h3><span style=\"color: #0000ff;\">Scott Weese beruhigt: Keine Corona-Gefahr durch Osterhasen<\/span><\/h3>\n<p>Eine gute Nachricht f\u00fcr alle Kinder und ein Schmunzeln f\u00fcr die Erwachsenen: Scott Weese gibt im Worms&amp;Germs-Blog seine Einsch\u00e4tzung zum COVID-19-Risiko f\u00fcr und durch den Osterhasen. [\/vc_column_text]<style type=\"text\/css\" data-type=\"the7_shortcodes-inline-css\">#default-btn-405079472ca5c7a510dbf7d50568ab15.ico-right-side > i {\n  margin-right: 0px;\n  margin-left: 10px;\n}\n#default-btn-405079472ca5c7a510dbf7d50568ab15 > i {\n  margin-right: 10px;\n}<\/style><a href=\"https:\/\/www.wormsandgermsblog.com\/2021\/03\/articles\/animals\/other-animals\/the-easter-bunny-and-covid-19-risks\/\" class=\"default-btn-shortcode dt-btn dt-btn-m link-hover-off anchor-link btn-inline-left  vc_custom_1617786439915\" target=\"_blank\" id=\"default-btn-405079472ca5c7a510dbf7d50568ab15\" title=\"ENG | Worms & Germs Blog | Easter Bunny and COVID-19 Risks\" rel=\"noopener\"><i class=\"fas fa-globe-americas\"><\/i><span>ENG | Worms &amp; Germs Blog | Easter Bunny and COVID-19 Risks<\/span><\/a>[vc_separator color=&#8220;custom&#8220; align=&#8220;align_left&#8220; el_width=&#8220;70&#8243; accent_color=&#8220;#e51e1e&#8220;][vc_column_text css=&#8220;.vc_custom_1617786568825{margin-top: 30px !important;}&#8220;]<\/p>\n<h3>Cave: Feldm\u00e4use!<\/h3>\n<p>Die humanpathogenen Hantaviren in Deutschland sind nun offiziell zu viert. Das Friedrich-Loeffler-Institut (FLI) meldet, dass erstmalig das Tulavirus als Ursache f\u00fcr eine Hantaviruserkrankung bei einem deutschen Patienten nachgewiesen wurde. Das Reservoir Feldmaus soll nun auch in Hinblick auf andere Erreger, z.B. Leptospiren, genauer unter die Lupe genommen werden, so dass FLI.[\/vc_column_text]<style type=\"text\/css\" data-type=\"the7_shortcodes-inline-css\">#default-btn-7d86475bed27345ae2f7507d0986e2c5.ico-right-side > i {\n  margin-right: 0px;\n  margin-left: 15px;\n}\n#default-btn-7d86475bed27345ae2f7507d0986e2c5 > i {\n  margin-right: 15px;\n}<\/style><a href=\"https:\/\/www.fli.de\/de\/presse\/pressemitteilungen\/presse-einzelansicht\/erster-molekularer-nachweis-einer-humanen-erkrankung-durch-das-tula-hantavirus\/\" class=\"default-btn-shortcode dt-btn dt-btn-m link-hover-off btn-inline-left  vc_custom_1617786674505\" target=\"_blank\" id=\"default-btn-7d86475bed27345ae2f7507d0986e2c5\" title=\"FLI | Tulavirus\" rel=\"noopener\"><span>FLI | Tulavirus<\/span><\/a>[vc_column_text]<\/p>\n<h3>EHV: Informationen zu Impfstoffen<\/h3>\n<p>Impfstoffmangel auch in der Veterin\u00e4rmedizin: Laut StIKo Vet kommt es aufgrund des EHV-Ausbruchs in Valencia aktuell zu Lieferengp\u00e4ssen der beiden in Deutschland zugelassenen Impfstoffe. Weitere Informationen dazu finden Sie hier:[\/vc_column_text]<style type=\"text\/css\" data-type=\"the7_shortcodes-inline-css\">#default-btn-2bd01f20a7f1efd5ab89993f63ef5850.ico-right-side > i {\n  margin-right: 0px;\n  margin-left: 15px;\n}\n#default-btn-2bd01f20a7f1efd5ab89993f63ef5850 > i {\n  margin-right: 15px;\n}<\/style><a href=\"https:\/\/stiko-vet.fli.de\/de\/aktuelles\/einzelansicht\/hinweise-zur-impfung-von-pferden-gegen-das-equine-herpesvirus-im-anschluss-an-den-ehv-ausbruch-auf-einem-internationalen-reitturnier-in-valencia\/\" class=\"default-btn-shortcode dt-btn dt-btn-m link-hover-off btn-inline-left  vc_custom_1617786797680\" target=\"_blank\" id=\"default-btn-2bd01f20a7f1efd5ab89993f63ef5850\" title=\"EHV | Informationen zu Impfstoffen\" rel=\"noopener\"><span>EHV | Informationen zu Impfstoffen<\/span><\/a>[vc_column_text]<\/p>\n<h3>K\u00fche, esst mehr Algen!<\/h3>\n<p>Ein Beitrag zum Klimaschutz: K\u00fche sto\u00dfen offenbar deutlich weniger Methan aus, wenn ihr Futter einen Anteil an Algen enth\u00e4lt, so Spiegel online.[\/vc_column_text]<style type=\"text\/css\" data-type=\"the7_shortcodes-inline-css\">#default-btn-210d574f39ece9136c51c1002d085726.ico-right-side > i {\n  margin-right: 0px;\n  margin-left: 15px;\n}\n#default-btn-210d574f39ece9136c51c1002d085726 > i {\n  margin-right: 15px;\n}<\/style><a href=\"https:\/\/www.spiegel.de\/wissenschaft\/natur\/fleisch-kuehe-stossen-bis-zu-82-prozent-weniger-methan-aus-wenn-man-sie-mit-algen-fuettert-a-f5a11b3b-1650-4f50-828e-11404cadb1f1\" class=\"default-btn-shortcode dt-btn dt-btn-m link-hover-off btn-inline-left  vc_custom_1617786874144\" target=\"_blank\" id=\"default-btn-210d574f39ece9136c51c1002d085726\" title=\"Spiegel online | K\u00fche, esst mehr Algen!\" rel=\"noopener\"><span>Spiegel online | K\u00fche, esst mehr Algen!<\/span><\/a>[vc_separator color=&#8220;custom&#8220; align=&#8220;align_left&#8220; el_width=&#8220;70&#8243; accent_color=&#8220;#e51e1e&#8220;][\/vc_column][\/vc_row][vc_row type=&#8220;vc_default&#8220; css=&#8220;.vc_custom_1617787483057{margin-top: 30px !important;}&#8220;][vc_column][vc_column_text]<\/p>\n<h3><span style=\"color: #0000ff;\">Hundeverhalten: Woher wisst ihr, was wir wollen?<\/span><\/h3>\n<p>Hunde verstehen die menschliche Geste, mit dem Finger auf etwas zu deuten. Aber ist dieses Verst\u00e4ndnis erlernt oder genetisch codiert? Forscher haben dies in einer Studie untersucht, mit der Hilfe von fast 400 Welpen. [\/vc_column_text]<style type=\"text\/css\" data-type=\"the7_shortcodes-inline-css\">#default-btn-68152609b33128cf8619237f92b27922.ico-right-side > i {\n  margin-right: 0px;\n  margin-left: 10px;\n}\n#default-btn-68152609b33128cf8619237f92b27922 > i {\n  margin-right: 10px;\n}<\/style><a href=\"https:\/\/www.sciencemag.org\/news\/2021\/03\/these-adorable-puppies-may-help-explain-why-dogs-understand-our-body-language?utm_source=Nature+Briefing&amp;utm_campaign=0aee776394-briefing-dy-20210319&amp;utm_medium=email&amp;utm_term=0_c9dfd39373-0aee776394-45565058\" class=\"default-btn-shortcode dt-btn dt-btn-m link-hover-off anchor-link btn-inline-left  vc_custom_1617786972731\" target=\"_blank\" id=\"default-btn-68152609b33128cf8619237f92b27922\" title=\"ENG | ScienceMag.org | Why dogs understand our body language\" rel=\"noopener\"><i class=\"fas fa-globe-americas\"><\/i><span>ENG | ScienceMag.org | Why dogs understand our body language<\/span><\/a>[vc_separator color=&#8220;custom&#8220; align=&#8220;align_left&#8220; el_width=&#8220;70&#8243; accent_color=&#8220;#e51e1e&#8220;][\/vc_column][\/vc_row][vc_row type=&#8220;vc_default&#8220; css=&#8220;.vc_custom_1614092852480{margin-top: 30px !important;}&#8220;][vc_column][vc_column_text]<\/p>\n<h3>Online-Fortbildungsangebot im April bei Laboklin<\/h3>\n<div><\/div>\n<div style=\"padding-left: 80px;\"><\/div>\n<div><strong>14.04. &#8211; 20.04.2021,\u00a0<\/strong><\/div>\n<div style=\"padding-left: 80px;\"><strong>\u201eSich an kleinen Dingen erfreuen \u2013 H\u00e4matologie-Basics und Mikroskopie\u201c,<\/strong><br \/>\nReferentinnen: Dr. Annemarie Baur-Kaufhold, Dr. Katrin T\u00f6rner<\/div>\n<div><strong>16.04.2021,<\/strong> 19:00 Uhr,<\/div>\n<div style=\"padding-left: 80px;\"><strong>Erbrechen bei Hund und Katze \u2013 was nun?<br \/>\nLabordiagnostische Aufarbeitung, Fallbeispiele;<\/strong><br \/>\nReferentin: Eva Kahnt<\/div>\n<div><strong>21.04.2021, <\/strong>19:00 \u2013 19:30 Uhr,<\/div>\n<div style=\"padding-left: 80px;\">H\u00e4tten Sie&#8217;s gewusst \u2013 Vom Befund zur Diagnose<strong><br \/>\n&#8222;Symptome, mehr als eine Diagnose. Ist es doch Cushing?&#8220;,<\/strong><br \/>\nReferentin: Dr. Ruth Klien<\/div>\n<div>\n<div><strong>28.04.2021, <\/strong>18:15 Uhr,<\/div>\n<div style=\"padding-left: 80px;\">H\u00e4tten Sie&#8217;s gewusst? &#8211; <strong>Interessante F\u00e4lle aus dem Labor \u00fcber<\/strong><br \/>\n<strong>Leber- und Nierenerkrankungen bei Hund und Katze,<\/strong><br \/>\nReferentinnen: Dr. Laura Truchet, Dr. Anja C\u00f6lfen<\/div>\n<\/div>\n<div><\/div>\n<div>Alle Informationen zu diesen Web-Seminaren, weiteren Terminen und zur Anmeldung finden Sie auf der Homepage der Laboklin Akademie:<\/div>\n<p>[\/vc_column_text]<style type=\"text\/css\" data-type=\"the7_shortcodes-inline-css\">#default-btn-f89de69b2873abb8edea271b16120404.ico-right-side > i {\n  margin-right: 0px;\n  margin-left: 8px;\n}\n#default-btn-f89de69b2873abb8edea271b16120404 > i {\n  margin-right: 8px;\n}<\/style><a href=\"https:\/\/akademie.laboklin.com\/\" class=\"default-btn-shortcode dt-btn dt-btn-m link-hover-off btn-inline-left  vc_custom_1614265128300\" target=\"_blank\" id=\"default-btn-f89de69b2873abb8edea271b16120404\" title=\"LABOKLIN Akademie\" rel=\"noopener\"><span>LABOKLIN Akademie<\/span><\/a>[\/vc_column][\/vc_row]<\/p>\n<\/div>","protected":false},"excerpt":{"rendered":"<p>+ Oster-Lockdown mit Ruhetagen: Ja, nein, vielleicht <br \/>\n+ Und t\u00e4glich gr\u00fc\u00dft AstraZeneca<br \/>\n+ Warum Herdenimmunit\u00e4t m\u00f6glicherweise unerreichbar bleibt <br \/>\n+ Keine Corona-Gefahr durch Osterhasen<br \/>\n+ Cave: Feldm\u00e4use! <br \/>\n+ Informationen zu Impfstoffen <br \/>\n+ K\u00fche, esst mehr Algen!<br \/>\n+ Hundeverhalten: Woher wisst ihr, was wir wollen?<\/p>\n","protected":false},"author":1,"featured_media":1307954,"comment_status":"closed","ping_status":"closed","sticky":false,"template":"","format":"standard","meta":{"_seopress_robots_primary_cat":"none","_seopress_titles_title":"","_seopress_titles_desc":"","_seopress_robots_index":"","footnotes":""},"categories":[87],"tags":[],"class_list":["post-1307953","post","type-post","status-publish","format-standard","has-post-thumbnail","hentry","category-laboklin-fuersiegelesen","category-87","description-off"],"_links":{"self":[{"href":"https:\/\/laboklin.de\/de\/wp-json\/wp\/v2\/posts\/1307953","targetHints":{"allow":["GET"]}}],"collection":[{"href":"https:\/\/laboklin.de\/de\/wp-json\/wp\/v2\/posts"}],"about":[{"href":"https:\/\/laboklin.de\/de\/wp-json\/wp\/v2\/types\/post"}],"author":[{"embeddable":true,"href":"https:\/\/laboklin.de\/de\/wp-json\/wp\/v2\/users\/1"}],"replies":[{"embeddable":true,"href":"https:\/\/laboklin.de\/de\/wp-json\/wp\/v2\/comments?post=1307953"}],"version-history":[{"count":8,"href":"https:\/\/laboklin.de\/de\/wp-json\/wp\/v2\/posts\/1307953\/revisions"}],"predecessor-version":[{"id":1307962,"href":"https:\/\/laboklin.de\/de\/wp-json\/wp\/v2\/posts\/1307953\/revisions\/1307962"}],"wp:featuredmedia":[{"embeddable":true,"href":"https:\/\/laboklin.de\/de\/wp-json\/wp\/v2\/media\/1307954"}],"wp:attachment":[{"href":"https:\/\/laboklin.de\/de\/wp-json\/wp\/v2\/media?parent=1307953"}],"wp:term":[{"taxonomy":"category","embeddable":true,"href":"https:\/\/laboklin.de\/de\/wp-json\/wp\/v2\/categories?post=1307953"},{"taxonomy":"post_tag","embeddable":true,"href":"https:\/\/laboklin.de\/de\/wp-json\/wp\/v2\/tags?post=1307953"}],"curies":[{"name":"wp","href":"https:\/\/api.w.org\/{rel}","templated":true}]}}