{"id":1307229,"date":"2021-12-18T08:48:31","date_gmt":"2021-12-18T07:48:31","guid":{"rendered":"https:\/\/laboklin.de\/de\/?p=1307229"},"modified":"2023-03-14T08:29:34","modified_gmt":"2023-03-14T07:29:34","slug":"publikationen-deutsch-2021","status":"publish","type":"post","link":"https:\/\/laboklin.de\/de\/publikationen-deutsch-2021\/","title":{"rendered":"2021 | Publikationen Deutsch"},"content":{"rendered":"<div class=\"wpb-content-wrapper\"><p>[vc_row][vc_column][vc_column_text]<\/p>\n<blockquote>\n<h4>Vektor\u00fcbertragene Infektionserreger bei Katzen in Deutschland.<\/h4>\n<\/blockquote>\n<p>Sch\u00e4fer I, M\u00fcller E, Pachnike S, Kohn B.<br \/>\nKleintierprax. 2021;66(12):718\u2013738. doi: 10.2377\/0023-2076-66-718.<\/p>\n<div class=\"hr-thin\"><\/div>\n<p>&nbsp;<\/p>\n<blockquote>\n<h4 class=\"csc-firstHeader\">&#8222;Eichen sollst Du weichen\u201c \u2013 Eichenprozessionsspinner als potenzielle Gefahr<\/h4>\n<\/blockquote>\n<p class=\"bodytext\">Regina Wagner<\/p>\n<p class=\"bodytext\"><a href=\"https:\/\/www.thieme-connect.de\/products\/ejournals\/abstract\/10.1055\/a-1337-0101\" target=\"_blank\" rel=\"noopener\">https:\/\/www.thieme-connect.de\/products\/ejournals\/abstract\/10.1055\/a-1337-0101#info<\/a><\/p>\n<div class=\"hr-thin\"><\/div>\n<p>&nbsp;<\/p>\n<blockquote>\n<h4>Eichenprozessionsspinner beim Pferd<\/h4>\n<\/blockquote>\n<p class=\"bodytext\">Regina Wagner<\/p>\n<p><a href=\"https:\/\/www.thieme-connect.de\/products\/ejournals\/abstract\/10.1055\/a-1255-8079\" target=\"_blank\" rel=\"noopener\">https:\/\/www.thieme-connect.de\/products\/ejournals\/abstract\/10.1055\/a-1255-8079<\/a><\/p>\n<div class=\"hr-thin\"><\/div>\n<p>&nbsp;<\/p>\n<blockquote>\n<h4>Kanine Babesiose \u2013 15 autochthone F\u00e4lle in Berlin\/Brandenburg<\/h4>\n<\/blockquote>\n<p>Helm C, Weingart C, Sch\u00e4fer I, Pachnicke S, M\u00fcller E, von Samson-Himmelstjerna G, Kr\u00fccken J, Kohn B<br \/>\n29. Jahrestagung der FG Innere Medizin und klinische Labordiagnostik\u201c der DVG (InnLab)<\/p>\n<p><a href=\"https:\/\/www.thieme-connect.com\/products\/ejournals\/abstract\/10.1055\/s-0041-1723887\" target=\"_blank\" rel=\"noopener\">https:\/\/www.thieme-connect.com\/products\/ejournals\/abstract\/10.1055\/s-0041-1723887\u00a0<\/a><\/p>\n<div class=\"hr-thin\"><\/div>\n<p>&nbsp;<\/p>\n<blockquote>\n<h4>Vergleich zweier PCR-Verfahren zum Nachweis von Echinococcus multilocularis<\/h4>\n<\/blockquote>\n<p>M\u00fcller D, Gentil M, M\u00fcller E<br \/>\n29. Jahrestagung der FG Innere Medizin und klinische Labordiagnostik\u201c der DVG (InnLab)<\/p>\n<p><a href=\"https:\/\/www.thieme-connect.com\/products\/ejournals\/abstract\/10.1055\/s-0041-1723889\" target=\"_blank\" rel=\"noopener\">https:\/\/www.thieme-connect.com\/products\/ejournals\/abstract\/10.1055\/s-0041-1723889<\/a><\/p>\n<div class=\"hr-thin\"><\/div>\n<p>&nbsp;<\/p>\n<blockquote>\n<h4>Hohe Morbidit\u00e4t und Mortalit\u00e4t im Rahmen eines TeHV1-assoziierten Krankheitsausbruchs bei Vierzehenschildkr\u00f6ten (Testudo horsfieldii)<\/h4>\n<\/blockquote>\n<p>Sch\u00fcler L, Picquet P, Leineweber C, Dietz J, M\u00fcller E, Marschang RE<br \/>\n29. Jahrestagung der FG Innere Medizin und klinische Labordiagnostik\u201c der DVG (InnLab)<\/p>\n<p><a href=\"https:\/\/www.thieme-connect.com\/products\/ejournals\/abstract\/10.1055\/s-0041-1723893\" target=\"_blank\" rel=\"noopener\">https:\/\/www.thieme-connect.com\/products\/ejournals\/abstract\/10.1055\/s-0041-1723893<\/a><\/p>\n<div class=\"hr-thin\"><\/div>\n<p>&nbsp;<\/p>\n<blockquote>\n<h4>Patient Honigbiene<\/h4>\n<\/blockquote>\n<p>PD Dr. Heike Aupperle-Lellbach, Julia Dittes, Bj\u00f6rn Wilcken, Dr. Karsten Stief\u2009, Dr. Ilka Emmerich<br \/>\nTieraerztezeitung, Ausgabe 01\/2021, ISSN2511-2805 45-53<\/p>\n<p><a href=\"https:\/\/www.tieraerztezeitung.com\/\" target=\"_blank\" rel=\"noopener\">https:\/\/www.tieraerztezeitung.com\/<\/a><\/p>\n<div class=\"hr-thin\"><\/div>\n<p>&nbsp;<\/p>\n<blockquote>\n<h4>Aufgefrischt &#8211; Elektrolyte und ihre Aussagekraft: Kalzium, Phosphor, Natium und Kalium<\/h4>\n<\/blockquote>\n<p>Anja C\u00f6lfen\u00a0\u00a0 Thieme \/ Kleintier Konkret 2021; 24 (02)<\/p>\n<p><a href=\"https:\/\/www.thieme-connect.com\/products\/ejournals\/abstract\/10.1055\/a-1331-8889\" target=\"_blank\" rel=\"noopener\">https:\/\/www.thieme-connect.com\/products\/ejournals\/abstract\/10.1055\/a-1331-8889<\/a><\/p>\n<div class=\"hr-thin\"><\/div>\n<p>&nbsp;<\/p>\n<blockquote>\n<h4>Therapie mit Weitblick\u2013Chronische Otitis externa beim Hund<\/h4>\n<\/blockquote>\n<p>Dr.med.vet. Elisabeth Reinbacher<br \/>\nKleintierkonkret 2021;24<\/p>\n<p><a href=\"https:\/\/www.thieme-connect.com\/products\/ejournals\/abstract\/10.1055\/a-1467-9729\" target=\"_blank\" rel=\"noopener\">https:\/\/www.thieme-connect.com\/products\/ejournals\/abstract\/10.1055\/a-1467-9729\u00a0<\/a><\/p>\n<div class=\"hr-thin\"><\/div>\n<p>&nbsp;<\/p>\n<blockquote>\n<h4>Afrikanischen Hausschlange (Boaedon fuliginosus) \u2013 ein Fallbericht<\/h4>\n<\/blockquote>\n<p>F Sonntag, J Dietz, K Heckers<br \/>\nDer Praktische Tierarzt 102\u00a0 464-472<\/p>\n<p><a href=\"https:\/\/www.vetline.de\/skirrhoeses-adenokarzinom-des-darms-bei-einer-afrikanischen-hausschlange-boaedon-fuliginosus-ein\" target=\"_blank\" rel=\"noopener\">https:\/\/www.vetline.de\/skirrhoeses-adenokarzinom-des-darms-bei-einer-afrikanischen-hausschlange-boaedon-fuliginosus-ein<\/a><\/p>\n<div class=\"hr-thin\"><\/div>\n<p>&nbsp;<\/p>\n<blockquote>\n<h4>Studie zur aktuellen Resistenzlage der okul\u00e4ren Mikroflora des Pferdes \u2013 Geeignete Antibiotika zur Erstversorgung bei Konjunktivitis und Keratitis des Pferdes<\/h4>\n<\/blockquote>\n<p>Schieder A-K, M\u00fcller E, Heusinger A, Eule J. C.<br \/>\nPferdeheilkunde\u00a0 \u2013 Equine Medicine 37 (2021) 3 (Mai\/Juni)<\/p>\n<p><a href=\"https:\/\/www.pferdeheilkunde.de\/10.21836\/PEM20210311\" target=\"_blank\" rel=\"noopener\">https:\/\/www.pferdeheilkunde.de\/10.21836\/PEM20210311<\/a><\/p>\n<div class=\"hr-thin\"><\/div>\n<p>&nbsp;<\/p>\n<blockquote>\n<h4>Hochgradige Malassezien-Dermatitis bei einer Warmblutstute<\/h4>\n<\/blockquote>\n<p>E Potocnik, K Drozdzewska, H Aupperle-Lellbach, B Schwarz<br \/>\nDer Praktische Tierarzt 102, 382-388\u00a0\u00a0\u00a0\u00a0 382-388<\/p>\n<p><a href=\"https:\/\/www.vetline.de\/hochgradige-malassezien-dermatitis-bei-einer-warmblutstute\">https:\/\/www.vetline.de\/hochgradige-malassezien-dermatitis-bei-einer-warmblutstute<\/a><\/p>\n<div class=\"hr-thin\"><\/div>\n<p>&nbsp;<\/p>\n<blockquote>\n<h4>Zytologie bei Atemwegsproblemen \u2013 Indikation, optimiertes Probenhandling und Aussagekraft der Befunde<\/h4>\n<\/blockquote>\n<p>Maria Christian<br \/>\npferde spiegel 2021; 24: 128-132 128-132<\/p>\n<p><a href=\"https:\/\/www.thieme-connect.com\/products\/ejournals\/abstract\/10.1055\/a-1521-6882\" target=\"_blank\" rel=\"noopener\">https:\/\/www.thieme-connect.com\/products\/ejournals\/abstract\/10.1055\/a-1521-6882<\/a><\/p>\n<div class=\"hr-thin\"><\/div>\n<p>&nbsp;<\/p>\n<blockquote>\n<h4>H\u00e4matologie der kleinen Wiederk\u00e4uer und Neuweltkameliden<\/h4>\n<\/blockquote>\n<p>Maria Christian<br \/>\nTier\u00e4rztliche Umschau 2021; 3: Pferd und Nutztier\u00a0 22-26 D<\/p>\n<p><a href=\"https:\/\/www.dr-vet.net\/fachartikel-originalien.html\" target=\"_blank\" rel=\"noopener\">https:\/\/www.dr-vet.net\/fachartikel-originalien.html<\/a><\/p>\n<div class=\"hr-thin\"><\/div>\n<p>&nbsp;<\/p>\n<blockquote>\n<h4>Mangankonzentrationen im Vollblut, Plasma und Serum adulter Warmblutpferde an 3 Standorten in Deutschland<\/h4>\n<\/blockquote>\n<p>Theiner E, Weber C, M\u00fcller E, Venner M, Vervuert I<br \/>\nTierarztliche Praxis. Ausgabe G, Grosstiere\/nutztiere, 23 Aug 2021, 49(4)<\/p>\n<p><a href=\"https:\/\/www.thieme-connect.de\/products\/ejournals\/abstract\/10.1055\/a-1525-0868\" target=\"_blank\" rel=\"noopener\">https:\/\/www.thieme-connect.de\/products\/ejournals\/abstract\/10.1055\/a-1525-0868<\/a><\/p>\n<div class=\"hr-thin\"><\/div>\n<p>&nbsp;<\/p>\n<blockquote>\n<h4>Chronische-Bienenparalyse-Virus\u2013quo vadis? Auftreten in Bayern und Betrachtung von Therapiema\u00dfnahmen<\/h4>\n<\/blockquote>\n<p>Dittes J, Schierling A, Aupperle-Lellbach H, Grassinger JM, M\u00fclling CKW, Emmerich IU<br \/>\nTierarztl Prax Ausg G Grosstiere Nutztiere 2021; 49<\/p>\n<p><a href=\"https:\/\/europepmc.org\/article\/med\/34666368\" target=\"_blank\" rel=\"noopener\">https:\/\/europepmc.org\/article\/med\/34666368<\/a><\/p>\n<div class=\"hr-thin\"><\/div>\n<p>&nbsp;<\/p>\n<blockquote>\n<h4>Kronsaumdystrophie \u2013 eine klinische Abgrenzung<\/h4>\n<\/blockquote>\n<p>Ines Hoffmann, Barbara Gruber-Beckmann<br \/>\nPferdespiegel 2021; 24:<\/p>\n<p><a href=\"https:\/\/www.thieme-connect.com\/products\/ejournals\/abstract\/10.1055\/a-1431-1300\" target=\"_blank\" rel=\"noopener\">https:\/\/www.thieme-connect.com\/products\/ejournals\/abstract\/10.1055\/a-1431-1300<\/a><\/p>\n<div class=\"hr-thin\"><\/div>\n<p>&nbsp;<\/p>\n<blockquote>\n<h4>Facettenreich \u2013 Gastrointestinale Mastzelltumore bei der Katze<\/h4>\n<\/blockquote>\n<p>Ulrike Schwittlick, Heike Aupperle-Lellbach<br \/>\nKleintier konkret 2021; 24<\/p>\n<p><a href=\"https:\/\/www.thieme-connect.com\/products\/ejournals\/abstract\/10.1055\/a-1499-2556\" target=\"_blank\" rel=\"noopener\">https:\/\/www.thieme-connect.com\/products\/ejournals\/abstract\/10.1055\/a-1499-2556<\/a><\/p>\n<div class=\"hr-thin\"><\/div>\n<p>&nbsp;<\/p>\n<blockquote>\n<h4>Intraluminales Spindelzellsarkom der Trachea eines Frettchens.<\/h4>\n<\/blockquote>\n<p>Triebs C, Schandelmaier C<br \/>\nKleintierpraxis 66:5 269-278<\/p>\n<p><a href=\"https:\/\/www.vetline.de\/intraluminales-spindelzellsarkom-der-trachea-eines-frettchens\" target=\"_blank\" rel=\"noopener\">https:\/\/www.vetline.de\/intraluminales-spindelzellsarkom-der-trachea-eines-frettchens<\/a><\/p>\n<div class=\"hr-thin\"><\/div>\n<p>&nbsp;<\/p>\n<blockquote>\n<h4>Prevalence of immunoglobulin E against cross-reactive carbohydrate determinants and the impact of a blocker in canine sera<\/h4>\n<\/blockquote>\n<p>Amirhossein Mohammaddavoodi, Maria Christian, Elisabeth M\u00fcller, Lucia Panakova, Iwan Burgener, Regina Wagner<br \/>\nTierarztl Prax Ausg K Kleintiere Heimtiere 2021; 49(04) 272-277<\/p>\n<p><a href=\"https:\/\/www.thieme-connect.com\/products\/ejournals\/abstract\/10.1055\/a-1442-3928\" target=\"_blank\" rel=\"noopener\">https:\/\/www.thieme-connect.com\/products\/ejournals\/abstract\/10.1055\/a-1442-3928<\/a><\/p>\n<div class=\"hr-thin\"><\/div>\n<p>&nbsp;<\/p>\n<blockquote>\n<h4>Effekte einer oralen Mangansupplementierung mit unterschiedlichen Verbindungen auf die Mangankonzentrationen in Vollblut und Serum von Stuten und Saugfohlen<\/h4>\n<\/blockquote>\n<p>Elena Theiner, Corinna Weber, Elisabeth M\u00fcller, Monica Venner, Christa Finkler-Schade, Ingrid Vervuert<br \/>\nTier\u00e4rztliche Praxis Ausgabe G Grosstiere Nutztiere 49(6): 392-402<\/p>\n<p><a href=\"https:\/\/www.thieme-connect.com\/products\/ejournals\/abstract\/10.1055\/a-1656-2610\" target=\"_blank\" rel=\"noopener\">https:\/\/www.thieme-connect.com\/products\/ejournals\/abstract\/10.1055\/a-1656-2610<\/a><\/p>\n<div class=\"hr-thin\"><\/div>\n<p>&nbsp;<\/p>\n<blockquote>\n<h4>Auftreten von Harnsteinen \u2013 alters-, rasse- und geschlechtsspezifische Unterschiede bei Hunden aus Deutschland<\/h4>\n<\/blockquote>\n<p>Breu D., Stieger N., M\u00fcller E.<br \/>\nTierarztl Prax Ausg K Kleintiere Heimtiere 2021; 49(01)<\/p>\n<p><a href=\"https:\/\/www.thieme-connect.de\/products\/ejournals\/abstract\/10.1055\/a-1334-0733\" target=\"_blank\" rel=\"noopener\">https:\/\/www.thieme-connect.de\/products\/ejournals\/abstract\/10.1055\/a-1334-0733<\/a><\/p>\n<div class=\"hr-thin\"><\/div>\n<p>&nbsp;<\/p>\n<blockquote>\n<h4>Zystitis bei Hund und Katze \u2013 ISCAID-Leitlinie und aktuelle Resistenzlage<\/h4>\n<\/blockquote>\n<p>Babette U. Klein, Anton Heusinger, Elisabeth M\u00fcller<br \/>\nkleintier konkret 2021; 24(06): 30-35<\/p>\n<p><a href=\"https:\/\/www.thieme-connect.com\/products\/ejournals\/abstract\/10.1055\/a-1629-4038\" target=\"_blank\" rel=\"noopener\">https:\/\/www.thieme-connect.com\/products\/ejournals\/abstract\/10.1055\/a-1629-4038<\/a><\/p>\n<div class=\"hr-thin\"><\/div>\n<p>&nbsp;<\/p>\n<blockquote>\n<h4>Das Equine Coronavirus (ECoV) \u2013 eine neu auftretende Viruserkrankung bei Pferden?<\/h4>\n<\/blockquote>\n<p>Svenja M\u00f6ller<br \/>\nTier\u00e4rztliche Umschau, Pferd &amp; Nutztier 3-2021<\/p>\n<p><a href=\"https:\/\/www.dr-vet.net\/\" target=\"_blank\" rel=\"noopener\">https:\/\/www.dr-vet.net\/<\/a>[\/vc_column_text][\/vc_column][\/vc_row]<\/p>\n<\/div>","protected":false},"excerpt":{"rendered":"<p>+ Eichen sollst Du weichen\u201c \u2013 Eichenprozessionsspinner als potenzielle Gefahr<br \/>\n+ Eichenprozessionsspinner beim Pferd<br \/>\n+ Kanine Babesiose \u2013 15 autochthone F\u00e4lle in Berlin\/Brandenburg<br \/>\n+ Vergleich zweier PCR-Verfahren zum Nachweis von Echinococcus multilocularis<br \/>\n+ Hohe Morbidit\u00e4t und Mortalit\u00e4t im Rahmen eines TeHV1-assoziierten Krankheitsausbruchs bei &#8230;<br \/>\n   &#8230;<\/p>\n","protected":false},"author":1,"featured_media":1307230,"comment_status":"closed","ping_status":"closed","sticky":false,"template":"","format":"standard","meta":{"_seopress_robots_primary_cat":"none","_seopress_titles_title":"","_seopress_titles_desc":"","_seopress_robots_index":"","footnotes":""},"categories":[195,125],"tags":[],"class_list":{"0":"post-1307229","1":"post","2":"type-post","3":"status-publish","4":"format-standard","5":"has-post-thumbnail","6":"hentry","7":"category-195","8":"category-publikationen-deutsch","10":"category-125","11":"description-off"},"_links":{"self":[{"href":"https:\/\/laboklin.de\/de\/wp-json\/wp\/v2\/posts\/1307229","targetHints":{"allow":["GET"]}}],"collection":[{"href":"https:\/\/laboklin.de\/de\/wp-json\/wp\/v2\/posts"}],"about":[{"href":"https:\/\/laboklin.de\/de\/wp-json\/wp\/v2\/types\/post"}],"author":[{"embeddable":true,"href":"https:\/\/laboklin.de\/de\/wp-json\/wp\/v2\/users\/1"}],"replies":[{"embeddable":true,"href":"https:\/\/laboklin.de\/de\/wp-json\/wp\/v2\/comments?post=1307229"}],"version-history":[{"count":21,"href":"https:\/\/laboklin.de\/de\/wp-json\/wp\/v2\/posts\/1307229\/revisions"}],"predecessor-version":[{"id":1339784,"href":"https:\/\/laboklin.de\/de\/wp-json\/wp\/v2\/posts\/1307229\/revisions\/1339784"}],"wp:featuredmedia":[{"embeddable":true,"href":"https:\/\/laboklin.de\/de\/wp-json\/wp\/v2\/media\/1307230"}],"wp:attachment":[{"href":"https:\/\/laboklin.de\/de\/wp-json\/wp\/v2\/media?parent=1307229"}],"wp:term":[{"taxonomy":"category","embeddable":true,"href":"https:\/\/laboklin.de\/de\/wp-json\/wp\/v2\/categories?post=1307229"},{"taxonomy":"post_tag","embeddable":true,"href":"https:\/\/laboklin.de\/de\/wp-json\/wp\/v2\/tags?post=1307229"}],"curies":[{"name":"wp","href":"https:\/\/api.w.org\/{rel}","templated":true}]}}