{"id":1307171,"date":"2020-12-04T14:22:03","date_gmt":"2020-12-04T13:22:03","guid":{"rendered":"https:\/\/laboklin.de\/de\/?p=1307171"},"modified":"2021-02-26T15:44:50","modified_gmt":"2021-02-26T14:44:50","slug":"laboklin-hat-fuer-sie-gelesen-49-kw","status":"publish","type":"post","link":"https:\/\/laboklin.de\/de\/laboklin-hat-fuer-sie-gelesen-49-kw\/","title":{"rendered":"49. KW"},"content":{"rendered":"<div class=\"wpb-content-wrapper\"><p>[vc_row][vc_column][vc_column_text]<\/p>\n<h3>Impfstoffentwicklung: Schlag auf Schlag<\/h3>\n<p>Als erstes Pharmaunternehmen hat Moderna den Antrag auf bedingte Marktzulassung seines Impfstoffkandidaten am 30.11.2020 bei der Europ\u00e4ischen Arzneimittel-Agentur eingereicht. Gleichzeitig beantragte das Unternehmen eine Notfall-Zulassung bei der US-amerikanischen Arzneimittelbeh\u00f6rde, berichtet Tagesschau online:[\/vc_column_text]<style type=\"text\/css\" data-type=\"the7_shortcodes-inline-css\">#default-btn-d605d110ec4c2f2c8d5eefa8024ee841.ico-right-side > i {\n  margin-right: 0px;\n  margin-left: 8px;\n}\n#default-btn-d605d110ec4c2f2c8d5eefa8024ee841 > i {\n  margin-right: 8px;\n}<\/style><a href=\"https:\/\/www.tagesschau.de\/wirtschaft\/moderna-impfstoffzulassung-antrag-103.html\" class=\"default-btn-shortcode dt-btn dt-btn-m link-hover-off btn-inline-left  vc_custom_1614349050783\" target=\"_blank\" id=\"default-btn-d605d110ec4c2f2c8d5eefa8024ee841\" title=\"Tagesschau | Impfstoff gegen Coronavirus\" rel=\"noopener\"><span>Tagesschau | Impfstoff gegen Coronavirus<\/span><\/a>[vc_column_text]Und Biontech folgte auf dem Fu\u00dfe:[\/vc_column_text]<style type=\"text\/css\" data-type=\"the7_shortcodes-inline-css\">#default-btn-7612d7ce02f73c808db1fee7a33d0fad.ico-right-side > i {\n  margin-right: 0px;\n  margin-left: 8px;\n}\n#default-btn-7612d7ce02f73c808db1fee7a33d0fad > i {\n  margin-right: 8px;\n}<\/style><a href=\"https:\/\/www.spiegel.de\/consent-a-?targetUrl=https%3A%2F%2Fwww.spiegel.de%2Fwissenschaft%2Fmedizin%2Fcoronavirus-biontech-und-pfizer-beantragen-impfstoff-zulassung-in-eu-a-b006eeea-02e4-4b7c-b817-736cb12a46b5&amp;ref=https%3A%2F%2Flaboklin.com%2F\" class=\"default-btn-shortcode dt-btn dt-btn-m link-hover-off btn-inline-left  vc_custom_1614349162878\" target=\"_blank\" id=\"default-btn-7612d7ce02f73c808db1fee7a33d0fad\" title=\"aerzteblatt.de | Nasenspray verhindert Infektion bei Frettchen\" rel=\"noopener\"><span>SPIEGEL Wissenschaft<\/span><\/a>[vc_column_text]Gro\u00dfbritannien l\u00e4sst derweil als erstes Land \u00fcberhaupt den Impfstoff von Biontech und Pfizer zu:[\/vc_column_text]<style type=\"text\/css\" data-type=\"the7_shortcodes-inline-css\">#default-btn-09741be6cca4df76bf24a1b1241dea2a.ico-right-side > i {\n  margin-right: 0px;\n  margin-left: 8px;\n}\n#default-btn-09741be6cca4df76bf24a1b1241dea2a > i {\n  margin-right: 8px;\n}<\/style><a href=\"https:\/\/www.zeit.de\/zustimmung?url=https%3A%2F%2Fwww.zeit.de%2Fwissen%2Fgesundheit%2F2020-12%2Fimpfstoff-biontech-pfizer-grossbritannien-zulassung\" class=\"default-btn-shortcode dt-btn dt-btn-m link-hover-off btn-inline-left  vc_custom_1614349241303\" target=\"_blank\" id=\"default-btn-09741be6cca4df76bf24a1b1241dea2a\" title=\"ZEIT Online\" rel=\"noopener\"><span>ZEIT Online<\/span><\/a>[\/vc_column][\/vc_row][vc_row][vc_column][vc_column_text]<\/p>\n<h3><span style=\"color: #0000ff;\">Das Dilemma der Notfallzulassung<\/span><\/h3>\n<p>Die einen sehnen die Zulassung eines Impfstoffes gegen SARS-CoV-2 herbei, die anderen stehen Impfungen generell skeptisch gegen\u00fcber. So kontrovers die Ansichten in der Gesellschaft zu dem Thema sind: die Zulassung r\u00fcckt aktuell in greifbare N\u00e4he. Warum das aus wissenschaftlicher Sicht tats\u00e4chlich auch Probleme aufwirft, beleuchtet ein Artikel auf nature.com:[\/vc_column_text]<style type=\"text\/css\" data-type=\"the7_shortcodes-inline-css\">#default-btn-4785df3eb46a1d1aa98f1511ebab18f1.ico-right-side > i {\n  margin-right: 0px;\n  margin-left: 8px;\n}\n#default-btn-4785df3eb46a1d1aa98f1511ebab18f1 > i {\n  margin-right: 8px;\n}<\/style><a href=\"https:\/\/www.nature.com\/articles\/d41586-020-03219-y\" class=\"default-btn-shortcode dt-btn dt-btn-m link-hover-off btn-inline-left  vc_custom_1614349427519\" target=\"_blank\" id=\"default-btn-4785df3eb46a1d1aa98f1511ebab18f1\" title=\"ENG - NATURE: Why emergency COVID-vaccine...\" rel=\"noopener\"><i class=\"fas fa-globe-americas\"><\/i><span>ENG &#8211; NATURE: Why emergency COVID-vaccine&#8230;<\/span><\/a>[\/vc_column][\/vc_row][vc_row type=&#8220;vc_default&#8220;][vc_column][vc_column_text]<\/p>\n<h3>Vorl\u00e4uferzellen als Marker f\u00fcr schweren COVID-19-Verlauf?<\/h3>\n<p>L\u00e4sst sich anhand eines hohen Vorkommens von Vorl\u00e4uferzellen von Megakaryozyten und unreifen Erythrozyten im Blut ein schwerer Verlauf der Erkrankung vorhersagen? Die \u00c4rztezeitung online hat weitere Informationen und den Link zu der entsprechenden Studie:[\/vc_column_text]<style type=\"text\/css\" data-type=\"the7_shortcodes-inline-css\">#default-btn-e16a0982dc50076e036f56fce887f7ef.ico-right-side > i {\n  margin-right: 0px;\n  margin-left: 15px;\n}\n#default-btn-e16a0982dc50076e036f56fce887f7ef > i {\n  margin-right: 15px;\n}<\/style><a href=\"https:\/\/www.n-tv.de\/wissen\/Biomarker-fuer-schweres-Covid-19-entdeckt-article22199933.html\" class=\"default-btn-shortcode dt-btn dt-btn-m link-hover-off btn-inline-left  vc_custom_1614349496847\" target=\"_blank\" id=\"default-btn-e16a0982dc50076e036f56fce887f7ef\" title=\"n-tv | Seltene Zellen im Blut\" rel=\"noopener\"><span>n-tv | Seltene Zellen im Blut<\/span><\/a>[vc_column_text]<\/p>\n<h3>Vom Riechepithel bis ins Gehirn<\/h3>\n<p>Wie gelangt SARS-CoV-2 ins Gehirn? Forscher der Berliner Charit\u00e9 haben versucht, den Weg des Virus nachzuzeichnen. Das \u00c4rzteblatt online wei\u00df dazu N\u00e4heres:[\/vc_column_text]<style type=\"text\/css\" data-type=\"the7_shortcodes-inline-css\">#default-btn-62b302b65749d62d76b2d76c733b3b45.ico-right-side > i {\n  margin-right: 0px;\n  margin-left: 8px;\n}\n#default-btn-62b302b65749d62d76b2d76c733b3b45 > i {\n  margin-right: 8px;\n}<\/style><a href=\"https:\/\/www.aerzteblatt.de\/nachrichten\/118885\/Wie-SARS-CoV-2-das-Gehirn-infiziert\" class=\"default-btn-shortcode dt-btn dt-btn-m link-hover-off btn-inline-left  vc_custom_1614349620367\" target=\"_blank\" id=\"default-btn-62b302b65749d62d76b2d76c733b3b45\" title=\"aerzteblatt: Wie SARS-CoV-2 das Gehirn infiziert\" rel=\"noopener\"><span>aerzteblatt: Wie SARS-CoV-2 das Gehirn infiziert<\/span><\/a>[vc_separator color=&#8220;custom&#8220; align=&#8220;align_left&#8220; el_width=&#8220;70&#8243; accent_color=&#8220;#e51e1e&#8220;][vc_single_image image=&#8220;1307177&#8243; img_size=&#8220;medium&#8220; css=&#8220;.vc_custom_1614349773346{margin-top: 30px !important;}&#8220;][vc_column_text css=&#8220;.vc_custom_1614349850335{margin-top: 30px !important;}&#8220;]<\/p>\n<h3><strong>Licht&#8230;<\/strong><\/h3>\n<p>Die Tier\u00e4rztekammer Berlin stemmt sich seit dem 1. Dezember 2020 wieder mit einer Informationskampagne gegen Qualzuchten. Es ist bereits die dritte Kampagne dieser Art, diesmal tr\u00e4gt sie den Titel \u201eSch\u00f6n sinnlos!\u201c. Plakate, Flyer und Informationsstelen sollen potenzielle Tierk\u00e4ufer f\u00fcr die Problematik sensibilisieren und vom unbedachten Tiererwerb abhalten. Auf der Seite der Bundestier\u00e4rztekammer gibt es eine Pressemitteilung dazu, dort kann man sich auch die unterschiedlichen Anzeigenmotive herunterladen:[\/vc_column_text]<style type=\"text\/css\" data-type=\"the7_shortcodes-inline-css\">#default-btn-abec648e35e5a765ebd3021bdcdf3d89.ico-right-side > i {\n  margin-right: 0px;\n  margin-left: 8px;\n}\n#default-btn-abec648e35e5a765ebd3021bdcdf3d89 > i {\n  margin-right: 8px;\n}<\/style><a href=\"https:\/\/www.bundestieraerztekammer.de\/presse\/2020\/11\/umdenken-tierzuliebe_schoen-sinnlos.php\" class=\"default-btn-shortcode dt-btn dt-btn-m link-hover-off btn-inline-left  vc_custom_1614349879191\" target=\"_blank\" id=\"default-btn-abec648e35e5a765ebd3021bdcdf3d89\" title=\"BTK | Sch\u00f6n sinnlos! \u2013 \u201eumdenken-tierzuliebe\u201c\" rel=\"noopener\"><span>BTK | Sch\u00f6n sinnlos! \u2013 \u201eumdenken-tierzuliebe\u201c<\/span><\/a>[vc_column_text]<\/p>\n<h3><strong>und Schatten&#8230;<\/strong><\/h3>\n<p>Der im Sommer bekannt gewordene \u201eAllg\u00e4uer Tierschutz-Skandal\u201c weitet sich aus. Gegen 6 weitere Personen wurde Anklage erhoben. N\u00e4heres berichtet die S\u00fcddeutsche Zeitung online:[\/vc_column_text]<style type=\"text\/css\" data-type=\"the7_shortcodes-inline-css\">#default-btn-888c3ce3d0c7dbb5ad61509d4467b5b8.ico-right-side > i {\n  margin-right: 0px;\n  margin-left: 8px;\n}\n#default-btn-888c3ce3d0c7dbb5ad61509d4467b5b8 > i {\n  margin-right: 8px;\n}<\/style><a href=\"https:\/\/www.sueddeutsche.de\/bayern\/allgaeu-tierschutzskandal-milchwirtschaft-anklage-bauern-1.5129599\" class=\"default-btn-shortcode dt-btn dt-btn-m link-hover-off btn-inline-left  vc_custom_1614349988015\" target=\"_blank\" id=\"default-btn-888c3ce3d0c7dbb5ad61509d4467b5b8\" title=\"SZ.de | Anklage gegen weitere Bauern\" rel=\"noopener\"><span>SZ.de | Anklage gegen weitere Bauern<\/span><\/a>[vc_column_text]<\/p>\n<h3>H\u00fchnerembryonen: wann kommt das Schmerzempfinden?<\/h3>\n<p>Vor dem Hintergrund des Ausstiegs aus der Praxis des K\u00fckent\u00f6tens hat das Friedrich-Loeffler-Institut eine Zusammenfassung des aktuellen Wissensstands zur \u201eEntwicklung von Nozizeption und Schmerzempfinden bei H\u00fchnerembryonen\u201c ver\u00f6ffentlicht:[\/vc_column_text]<style type=\"text\/css\" data-type=\"the7_shortcodes-inline-css\">#default-btn-3b4667cbb1965e54ff9b730958672944.ico-right-side > i {\n  margin-right: 0px;\n  margin-left: 15px;\n}\n#default-btn-3b4667cbb1965e54ff9b730958672944 > i {\n  margin-right: 15px;\n}<\/style><a href=\"https:\/\/www.openagrar.de\/servlets\/MCRFileNodeServlet\/openagrar_derivate_00034014\/Empfehlung_Schmerzempfinden-Kueken_23-11-2020.pdf\" class=\"default-btn-shortcode dt-btn dt-btn-m link-hover-off btn-inline-left  vc_custom_1614350473951\" target=\"_blank\" id=\"default-btn-3b4667cbb1965e54ff9b730958672944\" title=\"FLI | Entwicklung von Nozizeption und Schmerzempfinden bei H\u00fchnerembryonen  (PDF)\" rel=\"noopener\"><i class=\"fas fa-file-pdf\"><\/i><span>FLI | Entwicklung von Nozizeption und Schmerzempfinden bei H\u00fchnerembryonen (PDF)<\/span><\/a>[vc_separator color=&#8220;custom&#8220; align=&#8220;align_left&#8220; el_width=&#8220;70&#8243; accent_color=&#8220;#e51e1e&#8220;][\/vc_column][\/vc_row][vc_row type=&#8220;vc_default&#8220; css=&#8220;.vc_custom_1614264835424{margin-top: 30px !important;}&#8220;][vc_column][vc_column_text]<\/p>\n<h3>Sehr soziale Giftzwerge<\/h3>\n<p>Die in Afrika ans\u00e4ssige M\u00e4hnenratte zerkaut Rinde und Zweige eines giftigen Baumes und spuckt sich selbst das Gemisch auf den R\u00fccken um sich vor Fressfeinden zu sch\u00fctzen. Wie sie das macht, ohne sich dabei selbst zu vergiften, ist v\u00f6llig unklar. Auf jeden Fall funktioniert es: die Dosis in den Haaren dieser Tiere scheint auszureichen, um einen Menschen zu t\u00f6ten. Ansonsten pflegen die ca. 30 cm gro\u00dfen Nager ein ausgepr\u00e4gtes Sozialleben und ziehen ihre (wenigen!) Jungen wohl sogar in monogamen Beziehungen auf. Dem ungew\u00f6hnlichen Tier widmet die S\u00fcddeutsche Zeitung online einen Beitrag:[\/vc_column_text]<style type=\"text\/css\" data-type=\"the7_shortcodes-inline-css\">#default-btn-ad6de12b99cd43f94f8a0f2823772f5a.ico-right-side > i {\n  margin-right: 0px;\n  margin-left: 8px;\n}\n#default-btn-ad6de12b99cd43f94f8a0f2823772f5a > i {\n  margin-right: 8px;\n}<\/style><a href=\"https:\/\/www.sueddeutsche.de\/wissen\/maehnenratte-gift-verhaltensbiologie-1.5129053\" class=\"default-btn-shortcode dt-btn dt-btn-m link-hover-off btn-inline-left  vc_custom_1614350607103\" target=\"_blank\" id=\"default-btn-ad6de12b99cd43f94f8a0f2823772f5a\" title=\"SZ.de | M\u00e4hnenratten haben die Haare sch\u00f6n...\" rel=\"noopener\"><span>SZ.de | M\u00e4hnenratten haben die Haare sch\u00f6n&#8230;<\/span><\/a>[vc_column_text]<\/p>\n<h3>Kognitionswissenschaft: Spannender Blick \u00fcber den Tellerrand<\/h3>\n<p>\u201eSchlau wie Schleimpilz\u201c betitelt die Frankfurter Allgemeine Zeitung ihren Artikel zum neuen Forschungsfeld \u201eBasale Kognition\u201c:[\/vc_column_text]<style type=\"text\/css\" data-type=\"the7_shortcodes-inline-css\">#default-btn-ce4bae6e67cb345c7f16678eaa6b10b8.ico-right-side > i {\n  margin-right: 0px;\n  margin-left: 10px;\n}\n#default-btn-ce4bae6e67cb345c7f16678eaa6b10b8 > i {\n  margin-right: 10px;\n}<\/style><a href=\"https:\/\/www.faz.net\/aktuell\/karriere-hochschule\/hoersaal\/was-lehrt-die-basale-kognition-17067721.html\" class=\"default-btn-shortcode dt-btn dt-btn-m link-hover-off anchor-link btn-inline-left  vc_custom_1614350686015\" target=\"_blank\" id=\"default-btn-ce4bae6e67cb345c7f16678eaa6b10b8\" title=\"FAZ | Schlau wie Schleimpilz\" rel=\"noopener\"><span>FAZ | Schlau wie Schleimpilz<\/span><\/a>[vc_separator color=&#8220;custom&#8220; align=&#8220;align_left&#8220; el_width=&#8220;70&#8243; accent_color=&#8220;#e51e1e&#8220;][\/vc_column][\/vc_row]<\/p>\n<\/div>","protected":false},"excerpt":{"rendered":"<p>+ Impfstoffentwicklung: Schlag auf Schlag<br \/>\n+ Das Dilemma der Notfallzulassung <br \/>\n+ Vorl\u00e4uferzellen als Marker f\u00fcr schweren COVID-19-Verlauf? <br \/>\n+ Vom Riechepithel bis ins Gehirn<br \/>\n+ Licht und Schatten <br \/>\n+ H\u00fchnerembryonen: wann kommt das Schmerzempfinden?<br \/>\n+ Sehr soziale Giftzwerge<br \/>\n+ Kognitionswissenschaft: Spannender Blick \u00fcber den Tellerrand<\/p>\n","protected":false},"author":1,"featured_media":1307079,"comment_status":"closed","ping_status":"closed","sticky":false,"template":"","format":"standard","meta":{"_seopress_robots_primary_cat":"none","_seopress_titles_title":"","_seopress_titles_desc":"","_seopress_robots_index":"","footnotes":""},"categories":[87],"tags":[],"class_list":["post-1307171","post","type-post","status-publish","format-standard","has-post-thumbnail","hentry","category-laboklin-fuersiegelesen","category-87","description-off"],"_links":{"self":[{"href":"https:\/\/laboklin.de\/de\/wp-json\/wp\/v2\/posts\/1307171","targetHints":{"allow":["GET"]}}],"collection":[{"href":"https:\/\/laboklin.de\/de\/wp-json\/wp\/v2\/posts"}],"about":[{"href":"https:\/\/laboklin.de\/de\/wp-json\/wp\/v2\/types\/post"}],"author":[{"embeddable":true,"href":"https:\/\/laboklin.de\/de\/wp-json\/wp\/v2\/users\/1"}],"replies":[{"embeddable":true,"href":"https:\/\/laboklin.de\/de\/wp-json\/wp\/v2\/comments?post=1307171"}],"version-history":[{"count":8,"href":"https:\/\/laboklin.de\/de\/wp-json\/wp\/v2\/posts\/1307171\/revisions"}],"predecessor-version":[{"id":1307183,"href":"https:\/\/laboklin.de\/de\/wp-json\/wp\/v2\/posts\/1307171\/revisions\/1307183"}],"wp:featuredmedia":[{"embeddable":true,"href":"https:\/\/laboklin.de\/de\/wp-json\/wp\/v2\/media\/1307079"}],"wp:attachment":[{"href":"https:\/\/laboklin.de\/de\/wp-json\/wp\/v2\/media?parent=1307171"}],"wp:term":[{"taxonomy":"category","embeddable":true,"href":"https:\/\/laboklin.de\/de\/wp-json\/wp\/v2\/categories?post=1307171"},{"taxonomy":"post_tag","embeddable":true,"href":"https:\/\/laboklin.de\/de\/wp-json\/wp\/v2\/tags?post=1307171"}],"curies":[{"name":"wp","href":"https:\/\/api.w.org\/{rel}","templated":true}]}}