{"id":1307111,"date":"2020-11-27T17:01:29","date_gmt":"2020-11-27T16:01:29","guid":{"rendered":"https:\/\/laboklin.de\/de\/?p=1307111"},"modified":"2021-02-25T08:36:58","modified_gmt":"2021-02-25T07:36:58","slug":"laboklin-hat-fuer-sie-gelesen-48-kw","status":"publish","type":"post","link":"https:\/\/laboklin.de\/de\/laboklin-hat-fuer-sie-gelesen-48-kw\/","title":{"rendered":"48. KW"},"content":{"rendered":"<div class=\"wpb-content-wrapper\"><p>[vc_row][vc_column][vc_column_text]<\/p>\n<h3>Beschl\u00fcsse der L\u00e4nder f\u00fcr Dezember<\/h3>\n<p>Wie geht es im Dezember weiter, welche Beschr\u00e4nkungen gelten an den Feiertagen?<br \/>\nSpiegel online hat eine \u00dcbersicht der Beschl\u00fcsse:[\/vc_column_text]<style type=\"text\/css\" data-type=\"the7_shortcodes-inline-css\">#default-btn-13f4f45aa89d4088238e59fab6c9feed.ico-right-side > i {\n  margin-right: 0px;\n  margin-left: 8px;\n}\n#default-btn-13f4f45aa89d4088238e59fab6c9feed > i {\n  margin-right: 8px;\n}<\/style><a href=\"https:\/\/www.spiegel.de\/consent-a-?targetUrl=https%3A%2F%2Fwww.spiegel.de%2Fpolitik%2Fdeutschland%2Fcorona-massnahmen-vor-weihnachten-das-steht-im-bund-laender-beschluss-a-3c484735-42f7-4a3a-a52c-6dbc4115117c&amp;ref=https%3A%2F%2Flaboklin.com%2F\" class=\"default-btn-shortcode dt-btn dt-btn-m link-hover-off btn-inline-left  vc_custom_1614182654209\" target=\"_blank\" id=\"default-btn-13f4f45aa89d4088238e59fab6c9feed\" title=\"SPIEGEL | Politik\" rel=\"noopener\"><span>SPIEGEL | Politik<\/span><\/a>[vc_column_text]<\/p>\n<h3>Aktuelles zu den COVID-19-Sp\u00fcrhunden<\/h3>\n<p>Was k\u00f6nnen sie nach jetzigem Wissensstand leisten und was eher nicht? Nature hat die aktuellen Forschungsbem\u00fchungen dazu zusammengefasst:[\/vc_column_text]<style type=\"text\/css\" data-type=\"the7_shortcodes-inline-css\">#default-btn-e538d92c1ada513c142820f082074cf6.ico-right-side > i {\n  margin-right: 0px;\n  margin-left: 12px;\n}\n#default-btn-e538d92c1ada513c142820f082074cf6 > i {\n  margin-right: 12px;\n}<\/style><a href=\"https:\/\/www.nature.com\/articles\/d41586-020-03149-9\" class=\"default-btn-shortcode dt-btn dt-btn-m link-hover-off btn-inline-left  vc_custom_1614238129749\" target=\"_blank\" id=\"default-btn-e538d92c1ada513c142820f082074cf6\" title=\"ENG - NATURE research journal\" rel=\"noopener\"><i class=\"fas fa-globe-americas\"><\/i><span>ENG &#8211; NATURE research journal<\/span><\/a>[vc_separator color=&#8220;custom&#8220; align=&#8220;align_left&#8220; el_width=&#8220;70&#8243; accent_color=&#8220;#e51e1e&#8220;][\/vc_column][\/vc_row][vc_row type=&#8220;vc_default&#8220; css=&#8220;.vc_custom_1614181177847{margin-top: 30px !important;}&#8220;][vc_column][vc_column_text]<\/p>\n<h3>Am Ende geht vielleicht alles ganz schnell\u2026<\/h3>\n<p>Laut \u00c4rzteblatt online soll am 10. Dezember die Impfkommission der US-Arzneimittelbeh\u00f6rde FDA \u00fcber die Impfstoffzulassung beraten. Wird zugunsten der Zulassung entschieden, k\u00f6nnten bereits ab Mitte Dezember die ersten Amerikaner geimpft werden. Den vollst\u00e4ndigen Artikel des \u00c4rzteblatte finden Sie hier:[\/vc_column_text]<style type=\"text\/css\" data-type=\"the7_shortcodes-inline-css\">#default-btn-1e6f2c98185ccd121a280b7805365732.ico-right-side > i {\n  margin-right: 0px;\n  margin-left: 8px;\n}\n#default-btn-1e6f2c98185ccd121a280b7805365732 > i {\n  margin-right: 8px;\n}<\/style><a href=\"https:\/\/www.aerzteblatt.de\/nachrichten\/118598\/US-Behoerden-rechnen-mit-Coronaimpfbeginn-im-Dezembera\" class=\"default-btn-shortcode dt-btn dt-btn-m link-hover-off btn-inline-left  vc_custom_1614238189029\" target=\"_blank\" id=\"default-btn-1e6f2c98185ccd121a280b7805365732\" title=\"aerzteblatt.de | Impfstoffzulassung USA\" rel=\"noopener\"><span>aerzteblatt.de | Impfstoffzulassung USA<\/span><\/a>[vc_column_text]Auch in Deutschland rechnet man mit der Zulassung eines Impfstoffes m\u00f6glicherweise noch in diesem Jahr:[\/vc_column_text]<style type=\"text\/css\" data-type=\"the7_shortcodes-inline-css\">#default-btn-ef81ae158b4488e2d1b5539135f9a71f.ico-right-side > i {\n  margin-right: 0px;\n  margin-left: 8px;\n}\n#default-btn-ef81ae158b4488e2d1b5539135f9a71f > i {\n  margin-right: 8px;\n}<\/style><a href=\"https:\/\/www.tagesschau.de\/inland\/coronavirus-spahn-impfungen-101.html\" class=\"default-btn-shortcode dt-btn dt-btn-m link-hover-off btn-inline-left  vc_custom_1614238258022\" target=\"_blank\" id=\"default-btn-ef81ae158b4488e2d1b5539135f9a71f\" title=\"TAGESSCHAU | Zulassung in Deutschland\" rel=\"noopener\"><span>TAGESSCHAU | Zulassung in Deutschland<\/span><\/a>[\/vc_column][\/vc_row][vc_row type=&#8220;vc_default&#8220; css=&#8220;.vc_custom_1614092852480{margin-top: 30px !important;}&#8220;][vc_column][vc_column_text]<\/p>\n<h3>Impfstoffkandidat von AstraZeneca und Universit\u00e4t Oxford:<br \/>\nWeniger scheint mehr zu sein<\/h3>\n<p>Der Impfstoff verbl\u00fcfft mit unterschiedlichen Wirksamkeitsraten: die Effektivit\u00e4t lag bei der Studie in Gro\u00dfbritannien bei den Probanden, die zun\u00e4chst eine halbe Dosis und dann eine vollst\u00e4ndige Dosis erhielten, deutlich h\u00f6her als bei den Kandidaten, die zweimal je eine volle Dosis bekamen.<br \/>\nZeit online wei\u00df N\u00e4heres zu diesem Impfstoffkandidat, der gegen\u00fcber den beiden vorausgegangenen Kandidaten trotz geringerer Wirksamkeit Vorteile hat:[\/vc_column_text]<style type=\"text\/css\" data-type=\"the7_shortcodes-inline-css\">#default-btn-bdb78c9043613bb16007fd18ca30f1c3.ico-right-side > i {\n  margin-right: 0px;\n  margin-left: 15px;\n}\n#default-btn-bdb78c9043613bb16007fd18ca30f1c3 > i {\n  margin-right: 15px;\n}<\/style><a href=\"https:\/\/www.zeit.de\/wissen\/gesundheit\/2020-11\/corona-impfstoff-astrazeneca-wirksamkeit-biontech-pfizer-curevac\" class=\"default-btn-shortcode dt-btn dt-btn-m link-hover-off btn-inline-left  vc_custom_1614238387886\" target=\"_blank\" id=\"default-btn-bdb78c9043613bb16007fd18ca30f1c3\" title=\"zeit.de | Zulassung in Deutschland\" rel=\"noopener\"><i class=\"fas fa-globe-americas\"><\/i>\n<span>zeit.de | Zulassung in Deutschland<\/span><\/a>[vc_column_text]An der Vorgehensweise der Studie entz\u00fcndet sich aktuell immer mehr Kritik, der Konzernchef soll nun \u00fcber eine neue weltweite Studie nachdenken, berichtet Spiegel online:[\/vc_column_text]<style type=\"text\/css\" data-type=\"the7_shortcodes-inline-css\">#default-btn-7835ae31d5a9b7edff2e53ba10fb066c.ico-right-side > i {\n  margin-right: 0px;\n  margin-left: 15px;\n}\n#default-btn-7835ae31d5a9b7edff2e53ba10fb066c > i {\n  margin-right: 15px;\n}<\/style><a href=\"https:\/\/www.spiegel.de\/consent-a-?targetUrl=https%3A%2F%2Fwww.spiegel.de%2Fwissenschaft%2Fmedizin%2Fcoronavirus-kritik-an-impfstoff-studie-von-astrazeneca-waechst-a-9a2ce67d-b823-441f-bc45-311ec999d8b5&amp;ref=https%3A%2F%2Flaboklin.com%2Findex.php%3Fid%3D763%26L%3D1\" class=\"default-btn-shortcode dt-btn dt-btn-m link-hover-off anchor-link btn-inline-left  vc_custom_1614238451470\" target=\"_blank\" id=\"default-btn-7835ae31d5a9b7edff2e53ba10fb066c\" title=\"SPIEGEL | weltweite Studie?\" rel=\"noopener\">\n<span>SPIEGEL | weltweite Studie?<\/span><\/a>[\/vc_column][\/vc_row][vc_row type=&#8220;vc_default&#8220; css=&#8220;.vc_custom_1614181273996{margin-top: 30px !important;}&#8220;][vc_column][vc_column_text]<\/p>\n<h3>Kontroverse Diskussion in Baden-W\u00fcrttemberg:<br \/>\nWieviel Tierversuch braucht die Lehre?<\/h3>\n<p>Die Gr\u00fcnen m\u00f6chten Tierversuche in der Lehre weitestgehend untersagen, CDU und Universit\u00e4ten dagegen sehen darin eine Schw\u00e4chung des Wissenschaftsstandortes. \u00dcber die unterschiedlichen Positionen und die Hintergr\u00fcnde berichtet die FAZ online:[\/vc_column_text]<style type=\"text\/css\" data-type=\"the7_shortcodes-inline-css\">#default-btn-1c57f139eea7e7ddb9e0b53b35cfefb5.ico-right-side > i {\n  margin-right: 0px;\n  margin-left: 8px;\n}\n#default-btn-1c57f139eea7e7ddb9e0b53b35cfefb5 > i {\n  margin-right: 8px;\n}<\/style><a href=\"https:\/\/www.faz.net\/aktuell\/gesellschaft\/tiere\/die-gruenen-wollen-tierversuche-fuer-lehrzwecke-unterbinden-17066967.html\" class=\"default-btn-shortcode dt-btn dt-btn-m link-hover-off btn-inline-left  vc_custom_1614238531101\" target=\"_blank\" id=\"default-btn-1c57f139eea7e7ddb9e0b53b35cfefb5\" title=\"FAZ | Hintergr\u00fcnde\" rel=\"noopener\"><span>FAZ | Hintergr\u00fcnde<\/span><\/a>[vc_separator color=&#8220;custom&#8220; align=&#8220;align_left&#8220; el_width=&#8220;70&#8243; accent_color=&#8220;#e51e1e&#8220;][\/vc_column][\/vc_row][vc_row type=&#8220;vc_default&#8220; css=&#8220;.vc_custom_1605093405620{margin-top: 30px !important;}&#8220;][vc_column][vc_column_text]<\/p>\n<h3>Auch noch da: das Borna-Virus<\/h3>\n<p>Verh\u00e4lt sich die Feldspitzmaus in Bayern anders als in Sachsen-Anhalt? Und falls ja: ist das der Grund daf\u00fcr, dass der Schwerpunkt der sehr seltenen humanen Infektion mit dem Borna-Virus in Bayern liegt? Und was haben Katzen damit zu tun? Es gibt noch einige offene Fragen der Humanmedizin an das Borna-Virus, berichtet die \u00c4rztezeitung online:[\/vc_column_text]<style type=\"text\/css\" data-type=\"the7_shortcodes-inline-css\">#default-btn-20f5300601ee1b44ce2a0ec5f861a3f5.ico-right-side > i {\n  margin-right: 0px;\n  margin-left: 8px;\n}\n#default-btn-20f5300601ee1b44ce2a0ec5f861a3f5 > i {\n  margin-right: 8px;\n}<\/style><a href=\"https:\/\/www.aerztezeitung.de\/Medizin\/Zwei-weitere-Todesfaelle-durch-Borna-Virus-415020.html\" class=\"default-btn-shortcode dt-btn dt-btn-m link-hover-off btn-inline-left  vc_custom_1614238607502\" target=\"_blank\" id=\"default-btn-20f5300601ee1b44ce2a0ec5f861a3f5\" title=\"\u00e4rztezeitung.de | Borna-Virus\" rel=\"noopener\"><span>\u00e4rztezeitung.de | Borna-Virus<\/span><\/a>[\/vc_column][\/vc_row]<\/p>\n<\/div>","protected":false},"excerpt":{"rendered":"<p>+ BioNTech und Pfizer beantragen Notfallzulassung f\u00fcr Impfstoffkandidat in den USA<br \/>\n+ Impfstoffentwicklung: Der N\u00e4chste, bitte!<br \/>\n+ Neues zu den Nerzen<br \/>\n+ Irritierende Studie<br \/>\n+ Hantavirus: Halterin infiziert sich bei Farbratte<br \/>\n+ UPDATE  Afrikanische Schweinepest (ASP) <br \/>\n+ Jetzt auch \u201eMade in Germany\u201c: Kamelmilch<\/p>\n","protected":false},"author":1,"featured_media":1307080,"comment_status":"closed","ping_status":"closed","sticky":false,"template":"","format":"standard","meta":{"_seopress_robots_primary_cat":"none","_seopress_titles_title":"","_seopress_titles_desc":"","_seopress_robots_index":"","footnotes":""},"categories":[87],"tags":[],"class_list":["post-1307111","post","type-post","status-publish","format-standard","has-post-thumbnail","hentry","category-laboklin-fuersiegelesen","category-87","description-off"],"_links":{"self":[{"href":"https:\/\/laboklin.de\/de\/wp-json\/wp\/v2\/posts\/1307111","targetHints":{"allow":["GET"]}}],"collection":[{"href":"https:\/\/laboklin.de\/de\/wp-json\/wp\/v2\/posts"}],"about":[{"href":"https:\/\/laboklin.de\/de\/wp-json\/wp\/v2\/types\/post"}],"author":[{"embeddable":true,"href":"https:\/\/laboklin.de\/de\/wp-json\/wp\/v2\/users\/1"}],"replies":[{"embeddable":true,"href":"https:\/\/laboklin.de\/de\/wp-json\/wp\/v2\/comments?post=1307111"}],"version-history":[{"count":5,"href":"https:\/\/laboklin.de\/de\/wp-json\/wp\/v2\/posts\/1307111\/revisions"}],"predecessor-version":[{"id":1307128,"href":"https:\/\/laboklin.de\/de\/wp-json\/wp\/v2\/posts\/1307111\/revisions\/1307128"}],"wp:featuredmedia":[{"embeddable":true,"href":"https:\/\/laboklin.de\/de\/wp-json\/wp\/v2\/media\/1307080"}],"wp:attachment":[{"href":"https:\/\/laboklin.de\/de\/wp-json\/wp\/v2\/media?parent=1307111"}],"wp:term":[{"taxonomy":"category","embeddable":true,"href":"https:\/\/laboklin.de\/de\/wp-json\/wp\/v2\/categories?post=1307111"},{"taxonomy":"post_tag","embeddable":true,"href":"https:\/\/laboklin.de\/de\/wp-json\/wp\/v2\/tags?post=1307111"}],"curies":[{"name":"wp","href":"https:\/\/api.w.org\/{rel}","templated":true}]}}