{"id":1302303,"date":"2020-11-06T11:44:06","date_gmt":"2020-11-06T10:44:06","guid":{"rendered":"https:\/\/laboklin.de\/de\/?p=1302303"},"modified":"2021-02-25T12:12:01","modified_gmt":"2021-02-25T11:12:01","slug":"laboklin-hat-fuer-sie-gelesen-45-kw","status":"publish","type":"post","link":"https:\/\/laboklin.de\/de\/laboklin-hat-fuer-sie-gelesen-45-kw\/","title":{"rendered":"45. KW"},"content":{"rendered":"<div class=\"wpb-content-wrapper\"><p>[vc_row][vc_column][vc_column_text]<\/p>\n<h3>\u201eLeitlinien f\u00fcr den Tierschutz im Pferdesport\u201c \u00fcberarbeitet<\/h3>\n<p>Das Bundesministerium f\u00fcr Ern\u00e4hrung und Landwirtschaft (BMEL) hat die o.g. Leitlinien in Zusammenarbeit mit Vertretern von Pferdesport- und Tierschutzverb\u00e4nden, der L\u00e4nder, von tier\u00e4rztlichen Verb\u00e4nden und der Wissenschaft aktualisiert. Im Oktober wurde das Ergebnis ver\u00f6ffentlicht, weitere Informationen und die Leitlinien selber finden Sie auf der Homepage des BMEL:[\/vc_column_text]<style type=\"text\/css\" data-type=\"the7_shortcodes-inline-css\">#default-btn-c184432d071b596186c7e66a92d2f4c0.ico-right-side > i {\n  margin-right: 0px;\n  margin-left: 8px;\n}\n#default-btn-c184432d071b596186c7e66a92d2f4c0 > i {\n  margin-right: 8px;\n}<\/style><a href=\"https:\/\/www.bmel.de\/SharedDocs\/Meldungen\/DE\/Presse\/2020\/201016-leitlinien-pferdesport.html\" class=\"default-btn-shortcode dt-btn dt-btn-m link-hover-off btn-inline-left  vc_custom_1614087903390\" target=\"_blank\" id=\"default-btn-c184432d071b596186c7e66a92d2f4c0\" title=\"Tierschutz im Pferdesport\" rel=\"noopener\"><span>Tierschutz im Pferdesport<\/span><\/a>[\/vc_column][\/vc_row][vc_row][vc_column][vc_column_text]<\/p>\n<h3>Live Web-Symposium: Das Kuscheltierdrama<\/h3>\n<p>Auf diese interessante Veranstaltung wollten wir sie gerne aufmerksam machen, 4 ATF-Stunden sind damit zu erwerben[\/vc_column_text]<style type=\"text\/css\" data-type=\"the7_shortcodes-inline-css\">#default-btn-b519161e9c8a88b0abb05419300d1514.ico-right-side > i {\n  margin-right: 0px;\n  margin-left: 8px;\n}\n#default-btn-b519161e9c8a88b0abb05419300d1514 > i {\n  margin-right: 8px;\n}<\/style><a href=\"https:\/\/symposien.vet\/symposien\/show\/1511\" class=\"default-btn-shortcode dt-btn dt-btn-m link-hover-off btn-inline-left  vc_custom_1614087915597\" target=\"_blank\" id=\"default-btn-b519161e9c8a88b0abb05419300d1514\" title=\"WebSymposium: Das Kuscheltierdrama\" rel=\"noopener\"><span>WebSymposium: Das Kuscheltierdrama<\/span><\/a>[vc_separator color=&#8220;custom&#8220; align=&#8220;align_left&#8220; el_width=&#8220;70&#8243; accent_color=&#8220;#e51e1e&#8220;][\/vc_column][\/vc_row][vc_row type=&#8220;vc_default&#8220; css=&#8220;.vc_custom_1605093405620{margin-top: 30px !important;}&#8220;][vc_column][vc_column_text]<\/p>\n<h3>Good <strong>News<\/strong> I<\/h3>\n<p>Wie lange h\u00e4lt der Immunschutz nach einer \u00fcberstandenen SARS-CoV-2-Infektion an? Die letzten Erkenntnisse dazu stimmten nicht sehr hoffnungsfroh; eine neue Studie von US-Forschern dagegen zeigte bei den untersuchten Probanden auch nach 5 Monaten noch neutralisierende Antik\u00f6rper. Das \u00c4rzteblatt hat die Erkenntnisse in einem Artikel zusammengefasst:[\/vc_column_text]<style type=\"text\/css\" data-type=\"the7_shortcodes-inline-css\">#default-btn-86c6521c90f9dae91a6e6ea4c1148c95.ico-right-side > i {\n  margin-right: 0px;\n  margin-left: 8px;\n}\n#default-btn-86c6521c90f9dae91a6e6ea4c1148c95 > i {\n  margin-right: 8px;\n}<\/style><a href=\"https:\/\/www.aerzteblatt.de\/nachrichten\/117827\/COVID-19-Studie-findet-robuste-Antikoerperantwort-ueber-mindestens-5-Monate\" class=\"default-btn-shortcode dt-btn dt-btn-m link-hover-off btn-inline-left  vc_custom_1614087897310\" target=\"_blank\" id=\"default-btn-86c6521c90f9dae91a6e6ea4c1148c95\" title=\"aerzteblatt.de | Robuste Antik\u00f6rperantwort...\" rel=\"noopener\"><span>aerzteblatt.de | Robuste Antik\u00f6rperantwort&#8230;<\/span><\/a>[\/vc_column][\/vc_row][vc_row][vc_column][vc_column_text]<\/p>\n<h3>Good <strong>News<\/strong> II<\/h3>\n<p>Die Ergebnisse der ersten klinischen Studie des Impfstoffkandidaten des Unternehmens CureVac zeigen eine gute Vertr\u00e4glichkeit; zwischenzeitlich ist die zweite Studie angelaufen, so das \u00c4rzteblatt:[\/vc_column_text]<style type=\"text\/css\" data-type=\"the7_shortcodes-inline-css\">#default-btn-88826fa1ea4d5520698b34f9c0386824.ico-right-side > i {\n  margin-right: 0px;\n  margin-left: 8px;\n}\n#default-btn-88826fa1ea4d5520698b34f9c0386824 > i {\n  margin-right: 8px;\n}<\/style><a href=\"https:\/\/www.aerzteblatt.de\/nachrichten\/117950\/Corona-Curevac-zufrieden-mit-ersten-Tests-des-Impfstoffkandidaten\" class=\"default-btn-shortcode dt-btn dt-btn-m link-hover-off btn-inline-left  vc_custom_1614087889911\" target=\"_blank\" id=\"default-btn-88826fa1ea4d5520698b34f9c0386824\" title=\"aerzteblatt.de | Curevac zufrieden...\" rel=\"noopener\"><span>aerzteblatt.de | Curevac zufrieden&#8230;<\/span><\/a>[\/vc_column][\/vc_row][vc_row][vc_column][vc_column_text]<\/p>\n<h3>ENG. Good <strong>News<\/strong> III<\/h3>\n<p>Wann wird der erste Impfstoff gegen SARS-CoV-2 zugelassen? Die pharmazeutische Zeitung berichtet \u00fcber die drei am weitesten fortgeschrittenen Impfstoffkandidaten:[\/vc_column_text]<style type=\"text\/css\" data-type=\"the7_shortcodes-inline-css\">#default-btn-2808f8c725dd061a2543cd510acc4c25.ico-right-side > i {\n  margin-right: 0px;\n  margin-left: 10px;\n}\n#default-btn-2808f8c725dd061a2543cd510acc4c25 > i {\n  margin-right: 10px;\n}<\/style><a href=\"https:\/\/www.pharmazeutische-zeitung.de\/wann-kommen-die-corona-impfstoffe-121270\/\" class=\"default-btn-shortcode dt-btn dt-btn-m link-hover-off anchor-link btn-inline-left  vc_custom_1614091661342\" target=\"_blank\" id=\"default-btn-2808f8c725dd061a2543cd510acc4c25\" title=\"pharmazeutische-zeitung.de | Wann kommen die...\" rel=\"noopener\"><i class=\"fas fa-globe-americas\"><\/i>\n<span>pharmazeutische-zeitung.de | Wann kommen die&#8230;<\/span><\/a>[vc_separator color=&#8220;custom&#8220; align=&#8220;align_left&#8220; el_width=&#8220;70&#8243; accent_color=&#8220;#e51e1e&#8220;][\/vc_column][\/vc_row][vc_row type=&#8220;vc_default&#8220; css=&#8220;.vc_custom_1605100279885{margin-top: 30px !important;}&#8220;][vc_column][vc_column_text]<\/p>\n<h3>Was SARS-CoV-2 und der Klimawandel gemeinsam haben<\/h3>\n<p>SARS-CoV-2 ist nur einer von vielen Erregern mit zoonotischem Potenzial. Ein Faktor, der den Klimawandel ebenso befeuert wie die Ausbreitung von Zoonosen und das damit verbundene Pandemierisiko, ist die menschengemachte Umweltzerst\u00f6rung. Gelingt hier kein Gegensteuern, werden Ereignisse wie die aktuelle Pandemie nicht seltener, sondern h\u00e4ufiger werden. Mehr dazu findet sich bei Spiegel online:[\/vc_column_text]<style type=\"text\/css\" data-type=\"the7_shortcodes-inline-css\">#default-btn-c63626db60bed82014221d93287b0919.ico-right-side > i {\n  margin-right: 0px;\n  margin-left: 8px;\n}\n#default-btn-c63626db60bed82014221d93287b0919 > i {\n  margin-right: 8px;\n}<\/style><a href=\"https:\/\/www.spiegel.de\/wissenschaft\/natur\/corona-weltbiodiversitaetsrat-fordert-strategiewechsel-im-kampf-gegen-viren-a-c4f16eed-600a-4a8d-8d79-a8f08e9ea4d4\" class=\"default-btn-shortcode dt-btn dt-btn-m link-hover-off btn-inline-left  vc_custom_1605097637159\" target=\"_blank\" id=\"default-btn-c63626db60bed82014221d93287b0919\" title=\"SPIEGEL Wissenschaft\" rel=\"noopener\"><span>SPIEGEL Wissenschaft<\/span><\/a>[\/vc_column][\/vc_row][vc_row][vc_column][vc_column_text]<\/p>\n<h3><strong>UPDATE<\/strong> Afrikanische Schweinepest (ASP)<\/h3>\n<p>Wie ist der Stand der Dinge? Wir-sind-Tierarzt.de berichtet:[\/vc_column_text]<style type=\"text\/css\" data-type=\"the7_shortcodes-inline-css\">#default-btn-fad331e8fc1589c69b2756a917a55d09.ico-right-side > i {\n  margin-right: 0px;\n  margin-left: 8px;\n}\n#default-btn-fad331e8fc1589c69b2756a917a55d09 > i {\n  margin-right: 8px;\n}<\/style><a href=\"https:\/\/www.wir-sind-tierarzt.de\/2020\/10\/afrikanische-schweinepest-in-sachsen-nachgewiesen\/\" class=\"default-btn-shortcode dt-btn dt-btn-m link-hover-off btn-inline-left  vc_custom_1605097747982\" target=\"_blank\" id=\"default-btn-fad331e8fc1589c69b2756a917a55d09\" title=\"wir-sind-tierarzt.de\" rel=\"noopener\"><span>wir-sind-tierarzt.de<\/span><\/a>[\/vc_column][\/vc_row][vc_row][vc_column][vc_column_text]<\/p>\n<h3><strong>UPDATE<\/strong> Gefl\u00fcgelpest<\/h3>\n<p>Bereits Anfang Oktober hatte das Friedrich-Loeffler-Institut das Risiko als hoch eingesch\u00e4tzt, dass die Gefl\u00fcgelpest nach Deutschland eingetragen werden k\u00f6nnte. Mittlerweile gibt es die ersten best\u00e4tigten F\u00e4lle bei Wildv\u00f6geln, berichtet der Bundesverband praktizierender Tier\u00e4rzte:[\/vc_column_text]<style type=\"text\/css\" data-type=\"the7_shortcodes-inline-css\">#default-btn-52a807de314df6919fbf69a0b45da1c5.ico-right-side > i {\n  margin-right: 0px;\n  margin-left: 8px;\n}\n#default-btn-52a807de314df6919fbf69a0b45da1c5 > i {\n  margin-right: 8px;\n}<\/style><a href=\"https:\/\/www.tieraerzteverband.de\/bpt\/aktuelles\/meldungen\/2020_11_02_neue-gefluegelpestfaelle.php\" class=\"default-btn-shortcode dt-btn dt-btn-m link-hover-off btn-inline-left  vc_custom_1605100371645\" target=\"_blank\" id=\"default-btn-52a807de314df6919fbf69a0b45da1c5\" title=\"tierarztverband.de\" rel=\"noopener\"><span>tierarztverband.de<\/span><\/a>[vc_separator color=&#8220;custom&#8220; align=&#8220;align_left&#8220; el_width=&#8220;70&#8243; accent_color=&#8220;#e51e1e&#8220;][\/vc_column][\/vc_row][vc_row type=&#8220;vc_default&#8220; css=&#8220;.vc_custom_1605093405620{margin-top: 30px !important;}&#8220;][vc_column][vc_column_text]<\/p>\n<h3>Laboklin Seminare \u2013 aktuelle Information zu Pr\u00e4senzveranstaltung!<\/h3>\n<p>Das Seminar<\/p>\n<h4 style=\"text-align: center;\"><strong>\u201eDer geriatrische Patient \u2013 Vorsorgen ist besser als Heilen\u201c<\/strong><\/h4>\n<p>wird aufgrund der aktuellen Lage nicht als Pr\u00e4senzveranstaltung durchgef\u00fchrt.<br \/>\nDie beiden geplanten Pr\u00e4senztermine am <del>24.11.2020<\/del> in Dortmund und am <del>25.11.2020<\/del> in Weimar werden zu einem<\/p>\n<p><strong>Online-Termin<\/strong> zusammengefasst, der am<strong> 25.11.2020<\/strong> stattfinden wird.<\/p>\n<p>Die Teilnahmegeb\u00fchr betr\u00e4gt <strong>64,00 \u20ac<\/strong> inklusive Unterlagen, es gibt <strong>3 ATF-Stunden.<\/strong>[\/vc_column_text]<style type=\"text\/css\" data-type=\"the7_shortcodes-inline-css\">#default-btn-b3a967562dc69f83d7704e00c973f29b.ico-right-side > i {\n  margin-right: 0px;\n  margin-left: 8px;\n}\n#default-btn-b3a967562dc69f83d7704e00c973f29b > i {\n  margin-right: 8px;\n}<\/style><a href=\"https:\/\/akademie.laboklin.com\/pages\/seminar\/geriatrie-25.11.2020-online-361.php\" class=\"default-btn-shortcode dt-btn dt-btn-m link-hover-off btn-inline-left  vc_custom_1605100592967\" target=\"_blank\" id=\"default-btn-b3a967562dc69f83d7704e00c973f29b\" title=\"Weitere Informationen und die Anmeldung\" rel=\"noopener\"><span>Weitere Informationen und die Anmeldung<\/span><\/a>[vc_separator color=&#8220;custom&#8220; align=&#8220;align_left&#8220; el_width=&#8220;70&#8243; accent_color=&#8220;#e51e1e&#8220;][\/vc_column][\/vc_row][vc_row type=&#8220;vc_default&#8220; css=&#8220;.vc_custom_1605093405620{margin-top: 30px !important;}&#8220;][vc_column][vc_column_text css=&#8220;.vc_custom_1614089712429{margin-top: 30px !important;}&#8220;]<\/p>\n<h3>Labor Live \u2013 Kompaktwissen f\u00fcr die TFA-Pr\u00fcfung und den Praxisalltag<\/h3>\n<p>Ihr hattet noch keine M\u00f6glichkeit zu sehen wie eine Flotation funktioniert? Harnsediment hattet Ihr nur in der Theorie? Und Blutausstriche funktionieren sowieso nie wie sie sollen? Oder Ihr wollt Euer Wissen vertiefen?<\/p>\n<p>Keine Panik! Denn jetzt habt Ihr die Chance, in weniger als 4 Stunden mit uns zusammen die wichtigsten Themen aus dem Labor praxisnah aufzuarbeiten!<br \/>\nIm Labor zeigen wir euch Schritt f\u00fcr Schritt was ihr tun m\u00fcsst und geben euch wertvolle Tipps f\u00fcr die Pr\u00fcfung und den Praxisalltag.<\/p>\n<p style=\"padding-left: 40px;\"><strong>Wann: -&gt;<\/strong> 14.11.2020, 13:00 \u2013 17:00 Uhr<br \/>\n<strong>Kosten: -&gt; 45,- \u20ac<\/strong> inkl. 5,- \u20ac Spende an AWARE Germany e.V.<br \/>\nJede Spende verdoppelt Laboklin auf 10,- \u20ac!<\/p>\n<p>[\/vc_column_text]<style type=\"text\/css\" data-type=\"the7_shortcodes-inline-css\">#default-btn-96985aee444fee09d84f3ec2378ae2e3.ico-right-side > i {\n  margin-right: 0px;\n  margin-left: 8px;\n}\n#default-btn-96985aee444fee09d84f3ec2378ae2e3 > i {\n  margin-right: 8px;\n}<\/style><a href=\"https:\/\/akademie.laboklin.com\/pages\/seminar\/-labor-live---kompaktwissen-fuer-die-tfa-pruefung-und-den-praxisalltag--online-451.php\" class=\"default-btn-shortcode dt-btn dt-btn-m link-hover-off btn-inline-left  vc_custom_1605106353312\" target=\"_blank\" id=\"default-btn-96985aee444fee09d84f3ec2378ae2e3\" title=\"Programm & Anmeldung\" rel=\"noopener\"><span>Programm &amp; Anmeldung<\/span><\/a>[vc_separator color=&#8220;custom&#8220; align=&#8220;align_left&#8220; el_width=&#8220;70&#8243; accent_color=&#8220;#e51e1e&#8220;][\/vc_column][\/vc_row]<\/p>\n<\/div>","protected":false},"excerpt":{"rendered":"<p>+ Leitlinien f\u00fcr den Tierschutz im Pferdesport<br \/>\n+ Live Web-Symposium: Das Kuscheltierdrama<br \/>\n+ Good News I-III<br \/>\n+ Afrikanische Schweinepest (ASP)<br \/>\n+ Gefl\u00fcgelpest<br \/>\n+ Laboklin Seminare<br \/>\n+ Kompaktwissen f\u00fcr die TFA-Pr\u00fcfung<\/p>\n","protected":false},"author":1,"featured_media":1302915,"comment_status":"closed","ping_status":"closed","sticky":false,"template":"","format":"standard","meta":{"_seopress_robots_primary_cat":"none","_seopress_titles_title":"","_seopress_titles_desc":"","_seopress_robots_index":"","footnotes":""},"categories":[87],"tags":[],"class_list":["post-1302303","post","type-post","status-publish","format-standard","has-post-thumbnail","hentry","category-laboklin-fuersiegelesen","category-87","description-off"],"_links":{"self":[{"href":"https:\/\/laboklin.de\/de\/wp-json\/wp\/v2\/posts\/1302303","targetHints":{"allow":["GET"]}}],"collection":[{"href":"https:\/\/laboklin.de\/de\/wp-json\/wp\/v2\/posts"}],"about":[{"href":"https:\/\/laboklin.de\/de\/wp-json\/wp\/v2\/types\/post"}],"author":[{"embeddable":true,"href":"https:\/\/laboklin.de\/de\/wp-json\/wp\/v2\/users\/1"}],"replies":[{"embeddable":true,"href":"https:\/\/laboklin.de\/de\/wp-json\/wp\/v2\/comments?post=1302303"}],"version-history":[{"count":18,"href":"https:\/\/laboklin.de\/de\/wp-json\/wp\/v2\/posts\/1302303\/revisions"}],"predecessor-version":[{"id":1307132,"href":"https:\/\/laboklin.de\/de\/wp-json\/wp\/v2\/posts\/1302303\/revisions\/1307132"}],"wp:featuredmedia":[{"embeddable":true,"href":"https:\/\/laboklin.de\/de\/wp-json\/wp\/v2\/media\/1302915"}],"wp:attachment":[{"href":"https:\/\/laboklin.de\/de\/wp-json\/wp\/v2\/media?parent=1302303"}],"wp:term":[{"taxonomy":"category","embeddable":true,"href":"https:\/\/laboklin.de\/de\/wp-json\/wp\/v2\/categories?post=1302303"},{"taxonomy":"post_tag","embeddable":true,"href":"https:\/\/laboklin.de\/de\/wp-json\/wp\/v2\/tags?post=1302303"}],"curies":[{"name":"wp","href":"https:\/\/api.w.org\/{rel}","templated":true}]}}