{"id":1493820,"date":"2023-08-22T11:47:06","date_gmt":"2023-08-22T09:47:06","guid":{"rendered":"https:\/\/laboklin.de\/west-nile-virus-beim-pferd-ein-update\/"},"modified":"2024-11-11T09:07:35","modified_gmt":"2024-11-11T08:07:35","slug":"west-nile-virus-beim-pferd-ein-update","status":"publish","type":"post","link":"https:\/\/laboklin.de\/de-ch\/west-nile-virus-beim-pferd-ein-update\/","title":{"rendered":"West-Nile-Virus beim Pferd \u2013 ein Update"},"content":{"rendered":"<div class=\"wpb-content-wrapper\"><p>[vc_row][vc_column width=&#187;2\/3&#8243;][vc_column_text css=&#187;&#187;]Das West-Nile-Virus (WNV) wurde in den 1930er Jahren in Afrika entdeckt und beschrieben. Bereits in den 1960er Jahren wurden F\u00e4lle beim Menschen in Europa dokumentiert. Aktuell kommt das Virus auf allen Kontinenten vor. Das West-Nile-Virus geh\u00f6rt zur Familie der Flaviviridae wie z. B. auch das Dengue-Virus, das FSME-Virus und das Usutu-Virus. \u00dcbertr\u00e4ger sind verschiedene Stechm\u00fccken.<\/p>\n<h2>Fallzahlen<\/h2>\n<p>In Europa treten die meisten F\u00e4lle bei Menschen und Tieren in Italien, Griechenland, Serbien und Rum\u00e4nien auf. Die ans European Center for Disease Control (ECDC) gemeldeten F\u00e4lle f\u00fcr das Jahr 2022 sind in Tabelle 1 ersichtlich.<\/p>\n<p><strong>Tabelle 1:<\/strong> WNV Fallzahlen f\u00fcr das Jahr 2022; <em>Quelle: ECDC<\/em><\/p>\n<table>\n<tbody>\n<tr valign=\"top\">\n<td width=\"94\"><\/td>\n<td width=\"62\">F\u00e4lle Mensch<\/td>\n<td width=\"52\">Todesf\u00e4lle human<\/td>\n<td width=\"91\">F\u00e4lle<br \/>\nPferd \/Vogel<\/td>\n<\/tr>\n<tr>\n<td width=\"94\">Italien<\/td>\n<td width=\"62\">586<\/td>\n<td width=\"52\">37<\/td>\n<td width=\"91\">47\/258<\/td>\n<\/tr>\n<tr>\n<td width=\"94\">Griechenland<\/td>\n<td width=\"62\">284<\/td>\n<td width=\"52\">31<\/td>\n<td width=\"91\">9 \/ &#8211;<\/td>\n<\/tr>\n<tr>\n<td width=\"94\">Serbien<\/td>\n<td width=\"62\">226<\/td>\n<td width=\"52\">12<\/td>\n<td width=\"91\">&#8211;<\/td>\n<\/tr>\n<tr>\n<td width=\"94\">Rum\u00e4nien<\/td>\n<td width=\"62\">46<\/td>\n<td width=\"52\">5<\/td>\n<td width=\"91\">&#8211;<\/td>\n<\/tr>\n<tr>\n<td width=\"94\">Deutschland<\/td>\n<td width=\"62\">11<\/td>\n<td width=\"52\">&#8211;<\/td>\n<td width=\"91\">16 \/ 51<\/td>\n<\/tr>\n<tr>\n<td width=\"94\">\u00d6sterreich<\/td>\n<td width=\"62\">6<\/td>\n<td width=\"52\">&#8211;<\/td>\n<td width=\"91\">1 \/ 2<\/td>\n<\/tr>\n<tr>\n<td width=\"94\">Frankreich<\/td>\n<td width=\"62\">4<\/td>\n<td width=\"52\">&#8211;<\/td>\n<td width=\"91\">6 \/ &#8211;<\/td>\n<\/tr>\n<tr>\n<td width=\"94\">Spanien<\/td>\n<td width=\"62\">5<\/td>\n<td width=\"52\">&#8211;<\/td>\n<td width=\"91\">8 \/ 9<\/td>\n<\/tr>\n<tr>\n<td width=\"94\">Ungarn<\/td>\n<td width=\"62\">14<\/td>\n<td width=\"52\">&#8211;<\/td>\n<td width=\"91\">3 \/ 1<\/td>\n<\/tr>\n<tr>\n<td width=\"94\">Portugal<\/td>\n<td width=\"62\">0<\/td>\n<td width=\"52\">&#8211;<\/td>\n<td width=\"91\">3 \/ &#8211;<\/td>\n<\/tr>\n<tr>\n<td width=\"94\">Kroatien<\/td>\n<td width=\"62\">8<\/td>\n<td width=\"52\">&#8211;<\/td>\n<td width=\"91\">&#8211; \/ 2<\/td>\n<\/tr>\n<tr>\n<td width=\"94\">Slowakei<\/td>\n<td width=\"62\">1<\/td>\n<td width=\"52\">&#8211;<\/td>\n<td width=\"91\">&#8211;<\/td>\n<\/tr>\n<\/tbody>\n<\/table>\n<p>[\/vc_column_text][\/vc_column][vc_column width=&#187;1\/3&#8243;][vc_column_text css=&#187;&#187;]<\/p>\n\n\t\t\t<style type='text\/css'>\n\t\t\t\t#gallery-1 {\n\t\t\t\t\tmargin: auto;\n\t\t\t\t}\n\t\t\t\t#gallery-1 .gallery-item {\n\t\t\t\t\tfloat: left;\n\t\t\t\t\tmargin-top: 10px;\n\t\t\t\t\ttext-align: center;\n\t\t\t\t\twidth: 100%;\n\t\t\t\t}\n\t\t\t\t#gallery-1 img {\n\t\t\t\t\tborder: 2px solid #cfcfcf;\n\t\t\t\t}\n\t\t\t\t#gallery-1 .gallery-caption {\n\t\t\t\t\tmargin-left: 0;\n\t\t\t\t}\n\t\t\t\t\/* see gallery_shortcode() in wp-includes\/media.php *\/\n\t\t\t<\/style>\n\t\t<div id='gallery-1' class='dt-gallery-container gallery galleryid-1493820 gallery-columns-1 gallery-size-large'><dl class='gallery-item'>\n\t\t\t\t<dt class='gallery-icon landscape'>\n\t\t\t\t\t<a class=\"rollover rollover-zoom dt-pswp-item\" title=\"\" data-dt-img-description=\"LABOKIN aktuell Pferd | &lt;b&gt;Abb. 1:&lt;\/b&gt; Culex-M\u00fccken gelten als wichtigste Vektoren f\u00fcr die \u00dcbertragung des WNV &lt;br&gt;&lt;i&gt;Bildquelle: www.cdc.gov\/mosquitoes&lt;\/i&gt;\" data-large_image_width=\"1200\" data-large_image_height=\"800\"href='https:\/\/laboklin.de\/wp-content\/uploads\/2023\/08\/Culex-Muecken-gelten-als-wichtigste-Vektoren-fuer-die-Uebertragung-des-WNV.jpg'><img loading=\"lazy\" decoding=\"async\" width=\"1024\" height=\"683\" src=\"https:\/\/laboklin.de\/wp-content\/uploads\/2023\/08\/Culex-Muecken-gelten-als-wichtigste-Vektoren-fuer-die-Uebertragung-des-WNV-1024x683.jpg\" class=\"attachment-large size-large\" alt=\"\" aria-describedby=\"gallery-1-1447420\" srcset=\"https:\/\/laboklin.de\/wp-content\/uploads\/2023\/08\/Culex-Muecken-gelten-als-wichtigste-Vektoren-fuer-die-Uebertragung-des-WNV-1024x683.jpg 1024w, https:\/\/laboklin.de\/wp-content\/uploads\/2023\/08\/Culex-Muecken-gelten-als-wichtigste-Vektoren-fuer-die-Uebertragung-des-WNV-300x200.jpg 300w, https:\/\/laboklin.de\/wp-content\/uploads\/2023\/08\/Culex-Muecken-gelten-als-wichtigste-Vektoren-fuer-die-Uebertragung-des-WNV-768x512.jpg 768w, https:\/\/laboklin.de\/wp-content\/uploads\/2023\/08\/Culex-Muecken-gelten-als-wichtigste-Vektoren-fuer-die-Uebertragung-des-WNV.jpg 1200w\" sizes=\"auto, (max-width: 1024px) 100vw, 1024px\" \/><\/a>\n\t\t\t\t<\/dt>\n\t\t\t\t\t<dd class='wp-caption-text gallery-caption' id='gallery-1-1447420'>\n\t\t\t\t\t<b>Abb. 1:<\/b> Culex-M\u00fccken gelten als wichtigste Vektoren f\u00fcr die \u00dcbertragung des WNV <br><i>Bildquelle: www.cdc.gov\/mosquitoes<\/i>\n\t\t\t\t\t<\/dd><\/dl><br style=\"clear: both\" \/><dl class='gallery-item'>\n\t\t\t\t<dt class='gallery-icon portrait'>\n\t\t\t\t\t<a class=\"rollover rollover-zoom dt-pswp-item\" title=\"\" data-dt-img-description=\"LABOKLIN aktuell Pferd | &lt;b&gt;Abb. 2:&lt;\/b&gt; Geographische Verbreitung gemeldeter WNV-F\u00e4lle bei Pferden und V\u00f6geln in Deutschland &lt;br&gt;&lt;i&gt;Bildquelle: Laboklin&lt;\/i&gt;\" data-large_image_width=\"1060\" data-large_image_height=\"1200\"href='https:\/\/laboklin.de\/wp-content\/uploads\/2023\/08\/Geographische-Verbreitung-gemeldeter-WNV-Faelle.jpg'><img loading=\"lazy\" decoding=\"async\" width=\"905\" height=\"1024\" src=\"https:\/\/laboklin.de\/wp-content\/uploads\/2023\/08\/Geographische-Verbreitung-gemeldeter-WNV-Faelle-905x1024.jpg\" class=\"attachment-large size-large\" alt=\"\" aria-describedby=\"gallery-1-1447437\" srcset=\"https:\/\/laboklin.de\/wp-content\/uploads\/2023\/08\/Geographische-Verbreitung-gemeldeter-WNV-Faelle-905x1024.jpg 905w, https:\/\/laboklin.de\/wp-content\/uploads\/2023\/08\/Geographische-Verbreitung-gemeldeter-WNV-Faelle-265x300.jpg 265w, https:\/\/laboklin.de\/wp-content\/uploads\/2023\/08\/Geographische-Verbreitung-gemeldeter-WNV-Faelle-768x869.jpg 768w, https:\/\/laboklin.de\/wp-content\/uploads\/2023\/08\/Geographische-Verbreitung-gemeldeter-WNV-Faelle.jpg 1060w\" sizes=\"auto, (max-width: 905px) 100vw, 905px\" \/><\/a>\n\t\t\t\t<\/dt>\n\t\t\t\t\t<dd class='wp-caption-text gallery-caption' id='gallery-1-1447437'>\n\t\t\t\t\t<b>Abb. 2:<\/b> Geographische Verbreitung gemeldeter WNV-F\u00e4lle bei Pferden und V\u00f6geln in Deutschland <br><i>Bildquelle: Laboklin<\/i>\n\t\t\t\t\t<\/dd><\/dl><br style=\"clear: both\" \/><dl class='gallery-item'>\n\t\t\t\t<dt class='gallery-icon landscape'>\n\t\t\t\t\t<a class=\"rollover rollover-zoom dt-pswp-item\" title=\"\" data-dt-img-description=\"LABOKLIN aktuell Pferd | &lt;b&gt;Abb. 3:&lt;\/b&gt; M\u00fcckenlarven von Culex sp. k\u00f6nnen sich im Hochsommer in wenigen Tagen zum Imago entwickeln. &lt;br&gt;&lt;i&gt;Bildquelle: Dr. Regina Wagner&lt;\/i&gt;\" data-large_image_width=\"1200\" data-large_image_height=\"800\"href='https:\/\/laboklin.de\/wp-content\/uploads\/2023\/08\/Mueckenlarven-von-Culex-sp.jpg'><img loading=\"lazy\" decoding=\"async\" width=\"1024\" height=\"683\" src=\"https:\/\/laboklin.de\/wp-content\/uploads\/2023\/08\/Mueckenlarven-von-Culex-sp-1024x683.jpg\" class=\"attachment-large size-large\" alt=\"\" aria-describedby=\"gallery-1-1447471\" srcset=\"https:\/\/laboklin.de\/wp-content\/uploads\/2023\/08\/Mueckenlarven-von-Culex-sp-1024x683.jpg 1024w, https:\/\/laboklin.de\/wp-content\/uploads\/2023\/08\/Mueckenlarven-von-Culex-sp-300x200.jpg 300w, https:\/\/laboklin.de\/wp-content\/uploads\/2023\/08\/Mueckenlarven-von-Culex-sp-768x512.jpg 768w, https:\/\/laboklin.de\/wp-content\/uploads\/2023\/08\/Mueckenlarven-von-Culex-sp.jpg 1200w\" sizes=\"auto, (max-width: 1024px) 100vw, 1024px\" \/><\/a>\n\t\t\t\t<\/dt>\n\t\t\t\t\t<dd class='wp-caption-text gallery-caption' id='gallery-1-1447471'>\n\t\t\t\t\t<b>Abb. 3:<\/b> M\u00fcckenlarven von Culex sp. k\u00f6nnen sich im Hochsommer in wenigen Tagen zum Imago entwickeln. <br><i>Bildquelle: Dr. Regina Wagner<\/i>\n\t\t\t\t\t<\/dd><\/dl><br style=\"clear: both\" \/>\n\t\t\t<\/div>\n\n<p>[\/vc_column_text][\/vc_column][\/vc_row][vc_row type=&#187;vc_default&#187; css=&#187;.vc_custom_1657177034207{margin-top: 20px !important;}&#187;][vc_column][vc_column_text css=&#187;&#187;]<\/p>\n<h2>Erregerbiologie<\/h2>\n<p>Das WNV ist ein vektor\u00fcbertragenes Virus, dessen Hauptreservoir Wildv\u00f6gel sind. Diese bleiben h\u00e4ufig asymptomatisch. Jedoch k\u00f6nnen vor allem Rabenv\u00f6gel, sonstige Sperlingsv\u00f6gel sowie einige Greifv\u00f6gel und Eulen schwer erkranken und auch daran versterben. Das Virus wird durch ornithophile Stechm\u00fccken, \u00fcberwiegend <em>Culex<\/em> sp., \u00fcbertragen (Abbildung 1). Auch <em>Aedes<\/em> sp. und weitere wie z. B. die Tigerm\u00fccke k\u00f6nnen \u00dcbertr\u00e4ger sein. Der Mensch und das Pferd gelten als Fehlwirt (dead-end host), weil w\u00e4hrend einer Infektion die Viruslast zu gering ist, um damit weitere Tiere infizieren zu k\u00f6nnen. Infektionen sind auch bei Hund und Katze sowie bei Schafen beschrieben.<\/p>\n<p>In der Regel sind Arthropoden (M\u00fccken) zur \u00dcbertragung n\u00f6tig, Einzelf\u00e4lle von direkter \u00dcbertragung durch Bluttransfusion bzw. Organtransplantation sowie intrauterin von Mensch zu Mensch sind beschrieben.<\/p>\n<h2>Klinisches Bild<\/h2>\n<p>WNV-assoziierte Erkrankungen treten saisonal auf, vom Fr\u00fchsommer bis in den Herbst hinein, abh\u00e4ngig von der Aktivit\u00e4t der Stechm\u00fccken. In der Regel sind einzelne Pferde betroffen. Die regionale Verbreitung h\u00e4ngt auch mit den Flugrouten der Zugv\u00f6gel zusammen (Abbildung 2).<\/p>\n<p>Bei Menschen bleiben ca. 80 % der Infektionen symptomlos, in etwa 20 %\u00a0 der F\u00e4lle kommt es zu einer fieberhaften Allgemeinerkrankung (West-Nile-Fieber). Weniger als 1 % der humanen F\u00e4lle (einer von 150) entwickeln eine WNV-assoziierte Meningoenzephalitis, wobei schwere Verl\u00e4ufe h\u00e4ufig \u00e4ltere oder immungeschw\u00e4chte Patienten betreffen.<\/p>\n<p>Auch bei Pferden kommt es in den meisten F\u00e4llen zur symptomlosen Serokonversion. Nur etwa 10 \u2013 20 % der Pferde entwickeln nach einer Inkubationszeit von 3 \u2013 15 Tagen Symptome, davon nur ca. 8 % schwere neurologische. Nur wenige haben Fieber als charakteristisches Symptom. Unspezifische Symptome k\u00f6nnen<br \/>\nsein: Anorexie, leichtes Fieber, Somnolenz, Kolik oder Lahmheiten. Wenn sich eine Meningoenzephalitis entwickelt, treten unspezifische neurologische Symptome auf, die asymmetrisch und progressiv sein k\u00f6nnen. Stolpern, Nachhandl\u00e4hmungen, Kopf aufst\u00fctzen, Dysphagie, Ataxien, Muskelzittern oder Schw\u00e4che bis hin<br \/>\nzum Festliegen der Tiere wurden dokumentiert.<br \/>\nBis zu 40 % der neurologisch auff\u00e4lligen Pferde sterben oder m\u00fcssen eingeschl\u00e4fert werden. Es k\u00f6nnen nach \u00fcberstandener Infektion dauerhafte Sch\u00e4den zur\u00fcckbleiben.<\/p>\n<h2>Diagnostik<\/h2>\n<p><strong>Serologie<\/strong><\/p>\n<p>Beim Pferd stehen unterschiedliche ELISA Tests zum Nachweis von IgG und IgM Antik\u00f6rpern zu Verf\u00fcgung. IgM-Antik\u00f6rper steigen wenige Tage post infectionem an und bleiben bis zu 4 &#8211; 6 Wochen erh\u00f6ht. CAVE: IgM-Antik\u00f6rper k\u00f6nnen bis zu 52 Tage nach einer k\u00fcrzlich stattgefundenen Impfung nachgewiesen werden, deshalb ist bei der Beurteilung von Laborbefunden der Impfstatus zu ber\u00fccksichtigen. IgG-Antik\u00f6rper steigen etwas sp\u00e4ter an und k\u00f6nnen l\u00e4nger bestehen bleiben (ca. 1 Jahr). Sowohl bei IgG als auch bei IgM kann es zu Kreuzreaktionen mit anderen Flaviviren (z. B. FSME-Virus und Usutu-Virus) kommen. Daher m\u00fcssen Verdachtsf\u00e4lle durch mehrere Virusneutralisationstests (VNT) zum Ausdifferenzieren der flavivirusspezifischen Antik\u00f6rper des nationalen Referenzlabors best\u00e4tigt werden (FLI, AGES).<\/p>\n<p><strong>Direkter Virusnachweis mittels RT-PCR<\/strong><\/p>\n<p>Initial kommt es zu einer kurzen Vir\u00e4mie, die h\u00e4ufig bis zum Auftreten der Symptome bereits abgeklungen ist, so dass eine PCR aus EDTA-Blut f\u00fcr die Diagnostik nur eine geringe Sensitivit\u00e4t aufweist. Die RT-PCR aus Liquor oder Gehirngewebe ist im positiven Falle beweisend, eine negative PCR aus Liquor schlie\u00dft die Infektion jedoch nicht aus, da das Virus auch auf das Nervengewebe beschr\u00e4nkt sein kann.<\/p>\n<p>Post mortem k\u00f6nnen sehr hohe Virusmengen im ZNS nachgewiesen werden, bei der Gewinnung solcher Proben ist Selbstschutz (Handschuhe, Maske) wichtig. Es gibt einen beschriebenen Fall, bei dem WNV bei der Sektion eines Pferdes (Entnahme des Gehirns) auf einen Tiermedizinstudenten \u00fcbertragen wurde.<br \/>\nhttps:\/\/www.wormsandgermsblog.com\/2010\/03\/articles\/animals\/horses\/west-nile-virus-from-pony-to-vet-student\/<\/p>\n<p><strong>Differenzialdiagnosen<\/strong><\/p>\n<p>Als Differenzialdiagnosen kommen weitere neurotrope Infektionen in Betracht. Insbesondere die Herpesvirus-Myeloenzephalopathie durch EHV-1 oder EHV-4 sollte bei neurologischer Symptomatik abgekl\u00e4rt werden (PCR aus EDTA-Blut und aus respiratorischen Abstrichtupfern ohne Medium). Auch FSME (Serologie IgG und IgM aus Serum oder IgG aus Liquor) sowie Borna (PCR und\/oder Antik\u00f6rper aus Blut oder Liquor) kommen differenzialdiagnostisch in Frage. Zus\u00e4tzlich sollten sonstige Ursachen f\u00fcr neurologische Symptomatik, wie Verletzungen oder Vergiftungen, ausgeschlossen werden (z. B. Tetanus, Botulismus, Listeriose, Leptospirose)<\/p>\n<p><strong>Anzeigepflicht<\/strong><\/p>\n<p>Eine Infektion mit dem WNV ist in der EU und der Schweiz eine zu \u00fcberwachende Tierseuche.<\/p>\n<p>In Deutschland ist die akute Infektion bei Pferden anzeigepflichtig. Grundlage hierf\u00fcr ist ein positiver IgM-ELISA. Die Best\u00e4tigung der akuten Infektion muss vom nationalen Referenzlabor auf Grund der Kreuzreaktionen der Flaviviren \u00fcber VNTs durchgef\u00fchrt werden. Ein alleiniger positiver IgG-Antik\u00f6rpertest ist keine Basis f\u00fcr eine Anzeigepflicht. IgG-Antik\u00f6rper k\u00f6nnen von einer Impfung oder einer l\u00e4nger zur\u00fcckliegenden (evtl. asymptomatischen) Infektion stammen. Auch die Kreuzreaktivit\u00e4t ist in Betracht zu ziehen. In der Routinediagnostik gibt es derzeit keinen ELISA-Test der zwischen Antik\u00f6rpern gegen WNV von den auf dem Markt verf\u00fcgbaren Impfstoffen und Feldvirusantik\u00f6rpern unterscheiden kann. In \u00d6sterreich besteht Anzeigepflicht f\u00fcr alle Pferde-Enzephalomyelitiden, unabh\u00e4ngig ihrer Genese.<\/p>\n<p><strong>Prophylaxe<\/strong><\/p>\n<p>Eine fr\u00fchzeitige symptomatische Therapie kann die \u00dcberlebenschance der betroffenen Pferde deutlich verbessern. Da eine kausale Therapie nicht m\u00f6glich ist, r\u00fccken prophylaktische Ma\u00dfnahmen in den Vordergrund. F\u00fcr Pferde sind verschiedene Impfstoffe zugelassen und im Einsatz. Besonders in Gebieten, in denen bei Menschen oder Tieren bereits F\u00e4lle aufgetreten sind sowie bei Pferden, die im Ausland auf Turnieren starten, ist die Impfung empfohlen. Die Grundimmunisierung sollte vor Beginn der M\u00fcckensaison abgeschlossen sein.<br \/>\nEin weiterer wichtiger Baustein der Infektionsprophylaxe ist der Schutz vor Stechm\u00fccken. Hier ist der Einsatz von Repellentien oder sch\u00fctzenden Netzen\/Decken zu nennen. Zus\u00e4tzlich ist besonderes Augenmerk auf m\u00f6gliche Brutst\u00e4tten f\u00fcr M\u00fccken zu richten. Stehende Wasseransammlungen sind problematisch, denn bei sommerlichen Temperaturen k\u00f6nnen sich innerhalb von wenigen Tagen M\u00fccken vom Ei \u00fcber Larven zum Imago entwickeln (Abbildung 3). Gef\u00e4\u00dfe mit stehendem Gew\u00e4sser\/Wasseransammlungen sollten m\u00fcckendicht abgedeckt oder regelm\u00e4\u00dfig gereinigt und frisch bef\u00fcllt werden (z. B. Gie\u00dfkannen, Wassertrog, Regenwasserbeh\u00e4lter). Wasserpf\u00fctzen z. B. in liegenden Autoreifen oder in Falten von Folien sind ebenfalls zu vermeiden.<\/p>\n<p style=\"text-align: right;\"><em>Eva Kahnt<\/em><\/p>\n<p>[\/vc_column_text][\/vc_column][\/vc_row][vc_row type=&#187;vc_default&#187; gap=&#187;10&#8243;][vc_column width=&#187;1\/2&#8243;][vc_column_text]<\/p>\n<h5><strong>Weiterf\u00fchrende<\/strong> <strong>Literatur:<\/strong><\/h5>\n<ul>\n<li>\n<h6><span style=\"color: #808080;\"><strong>Beck C, Jimenez-Clavero MA, Leblond A, Durand B, Nowotny N, Leparc-Goffart I, Zientara S, Jourdain E, Lecollinet S. Flaviviruses in Europe: complex circulation patterns and their consequences for the diagnosis and control of West Nile disease. Int<\/strong><\/span><\/h6>\n<\/li>\n<li>\n<h6><span style=\"color: #808080;\"><strong>J Environ Res Public Health. 2013 Nov 12;10(11):6049-83. doi: 10.3390\/ijerph10116049. Cavalleri JV, Korbacska-Kutasi O, Leblond A, Paillot R, Pusterla<\/strong><\/span><\/h6>\n<\/li>\n<li>\n<h6><span style=\"color: #808080;\"><strong>N, Steinmann E, Tomlinson J. European College of Equine Internal Medicine consensus statement on equine flaviviridae infections in Europe. J Vet Intern Med. 2022 Nov;36(6):1858- 1871. doi: 10.1111\/jvim.16581.<\/strong><\/span><\/h6>\n<\/li>\n<li>\n<h6><span style=\"color: #808080;\"><strong>Kampen H, Holicki CM, Ziegler U, Groschup MH, Tews BA, Werner D. West Nile Virus Mosquito Vectors (Diptera: Culicidae) in Germany. Viruses. 2020 Apr 28;12(5):493. doi: 10.3390\/ v12050493.<\/strong><\/span><\/h6>\n<\/li>\n<\/ul>\n<p>[\/vc_column_text][\/vc_column][vc_column width=&#187;1\/2&#8243;][vc_row_inner equal_height=&#187;yes&#187; content_placement=&#187;middle&#187; gap=&#187;10&#8243;][vc_column_inner width=&#187;1\/4&#8243; css=&#187;.vc_custom_1730980441439{background-color: #e7e7e7 !important;}&#187;][vc_icon icon_fontawesome=&#187;fas fa-file-pdf&#187; color=&#187;custom&#187; size=&#187;xl&#187; css=&#187;.vc_custom_1730980463901{margin-top: 10px !important;margin-bottom: 10px !important;padding-top: 20px !important;padding-bottom: 20px !important;}&#187; custom_color=&#187;#e51e1e&#187; link=&#187;url:https%3A%2F%2Flaboklin.de%2Fwp-content%2Fuploads%2F2023%2F08%2FLA_August_Pferd-2023_DE_FINAL.pdf|target:_blank&#187;][\/vc_column_inner][vc_column_inner width=&#187;3\/4&#8243; css=&#187;.vc_custom_1730980453311{background-color: #e7e7e7 !important;}&#187;][vc_column_text css=&#187;.vc_custom_1730980473760{margin-top: 10px !important;margin-bottom: 10px !important;padding-top: 20px !important;padding-bottom: 20px !important;}&#187;]<a href=\"https:\/\/laboklin.de\/wp-content\/uploads\/2023\/08\/LA_August_Pferd-2023_DE_FINAL.pdf\" target=\"_blank\" rel=\"noopener\"><strong>West-Nile-Virus beim Pferd \u2013 ein Update<\/strong><\/a>[\/vc_column_text][\/vc_column_inner][\/vc_row_inner][\/vc_column][\/vc_row]<\/p>\n<\/div>","protected":false},"excerpt":{"rendered":"<p>Das West-Nile-Virus (WNV) wurde in den 1930er Jahren in Afrika entdeckt und beschrieben. <\/p>\n","protected":false},"author":1,"featured_media":1447454,"comment_status":"closed","ping_status":"closed","sticky":false,"template":"","format":"standard","meta":{"_seopress_robots_primary_cat":"none","_seopress_titles_title":"","_seopress_titles_desc":"","_seopress_robots_index":"","footnotes":""},"categories":[501],"tags":[],"class_list":["post-1493820","post","type-post","status-publish","format-standard","has-post-thumbnail","hentry","category-laboklin-aktuell-pferd-2023-de-ch","category-501","description-off"],"_links":{"self":[{"href":"https:\/\/laboklin.de\/de-ch\/wp-json\/wp\/v2\/posts\/1493820","targetHints":{"allow":["GET"]}}],"collection":[{"href":"https:\/\/laboklin.de\/de-ch\/wp-json\/wp\/v2\/posts"}],"about":[{"href":"https:\/\/laboklin.de\/de-ch\/wp-json\/wp\/v2\/types\/post"}],"author":[{"embeddable":true,"href":"https:\/\/laboklin.de\/de-ch\/wp-json\/wp\/v2\/users\/1"}],"replies":[{"embeddable":true,"href":"https:\/\/laboklin.de\/de-ch\/wp-json\/wp\/v2\/comments?post=1493820"}],"version-history":[{"count":1,"href":"https:\/\/laboklin.de\/de-ch\/wp-json\/wp\/v2\/posts\/1493820\/revisions"}],"predecessor-version":[{"id":1493822,"href":"https:\/\/laboklin.de\/de-ch\/wp-json\/wp\/v2\/posts\/1493820\/revisions\/1493822"}],"wp:featuredmedia":[{"embeddable":true,"href":"https:\/\/laboklin.de\/de-ch\/wp-json\/wp\/v2\/media\/1447454"}],"wp:attachment":[{"href":"https:\/\/laboklin.de\/de-ch\/wp-json\/wp\/v2\/media?parent=1493820"}],"wp:term":[{"taxonomy":"category","embeddable":true,"href":"https:\/\/laboklin.de\/de-ch\/wp-json\/wp\/v2\/categories?post=1493820"},{"taxonomy":"post_tag","embeddable":true,"href":"https:\/\/laboklin.de\/de-ch\/wp-json\/wp\/v2\/tags?post=1493820"}],"curies":[{"name":"wp","href":"https:\/\/api.w.org\/{rel}","templated":true}]}}