{"id":1445489,"date":"2023-08-04T17:11:59","date_gmt":"2023-08-04T15:11:59","guid":{"rendered":"https:\/\/laboklin.de\/fuer-sie-gelesen-31-kw-2023\/"},"modified":"2024-04-15T10:59:02","modified_gmt":"2024-04-15T08:59:02","slug":"fuer-sie-gelesen-31-kw-2023","status":"publish","type":"post","link":"https:\/\/laboklin.de\/de-ch\/fuer-sie-gelesen-31-kw-2023\/","title":{"rendered":"31. KW 2023"},"content":{"rendered":"<div class=\"wpb-content-wrapper\"><p>[vc_row][vc_column][vc_column_text]<\/p>\n<h3>Gefl\u00fcgelpest bei Katzen<\/h3>\n<p>Auch Katzen k\u00f6nnen sich mit H5N1 infizieren, das haben Einzelf\u00e4lle bereits gezeigt. Nun kam es aber zu geh\u00e4uften Ausbr\u00fcchen in Polen, zum Teil mit t\u00f6dlichem Verlauf. Das Friedrich-L\u00f6ffler-Institut r\u00e4t zur Vorsicht:[\/vc_column_text]<style type=\"text\/css\" data-type=\"the7_shortcodes-inline-css\">#default-btn-35eb8a7e99be6159a335a82004fe7188.ico-right-side > i {\n  margin-right: 0px;\n  margin-left: 8px;\n}\n#default-btn-35eb8a7e99be6159a335a82004fe7188 > i {\n  margin-right: 8px;\n}<\/style><a href=\"https:\/\/linkhttps:\/\/www.fli.de\/de\/aktuelles\/kurznachrichten\/neues-einzelansicht\/gefluegelpest-h5n1-infizierte-katzen-in-polen\/.springer.com\/article\/10.1007\/s00103-023-03709-0\" class=\"default-btn-shortcode dt-btn dt-btn-m link-hover-off btn-inline-left  vc_custom_1691479021228\" target=\"_blank\" id=\"default-btn-35eb8a7e99be6159a335a82004fe7188\" title=\"FLI | Gefl\u00fcgelpest H5N1: Infizierte Katzen in Polen\" rel=\"noopener\"><span>FLI | Gefl\u00fcgelpest H5N1: Infizierte Katzen in Polen<\/span><\/a>[vc_separator color=&#187;custom&#187; align=&#187;align_left&#187; el_width=&#187;80&#8243; accent_color=&#187;#e51e1e&#187; css=&#187;.vc_custom_1667814746487{margin-top: 10px !important;margin-bottom: 20px !important;}&#187;][vc_column_text]<\/p>\n<h3>Es nimmt kein Ende \u2013 neues von Zecken \u00fcbertragbares Virus verbreitet sich in Europa<\/h3>\n<p>Das Alongshan-Virus (ALSV) wurde vor 6 Jahren in China entdeckt, nun wurde es auch in europ\u00e4ischen Zecken gefunden. Auch in Deutschland gibt es Nachweise. Was das bedeutet, lesen Sie hier:[\/vc_column_text]<style type=\"text\/css\" data-type=\"the7_shortcodes-inline-css\">#default-btn-de4ceb5892154822aa4f0d9d71e813e8.ico-right-side > i {\n  margin-right: 0px;\n  margin-left: 8px;\n}\n#default-btn-de4ceb5892154822aa4f0d9d71e813e8 > i {\n  margin-right: 8px;\n}<\/style><a href=\"https:\/\/www.spektrum.de\/news\/alsv-neu-entdecktes-zeckenvirus-verbreitet-sich-in-europa\/2166408\" class=\"default-btn-shortcode dt-btn dt-btn-m link-hover-off btn-inline-left  vc_custom_1691479079923\" target=\"_blank\" id=\"default-btn-de4ceb5892154822aa4f0d9d71e813e8\" title=\"spectrum |  Neu entdecktes Zeckenvirus verbreitet sich in Europa\" rel=\"noopener\"><span>spectrum | Neu entdecktes Zeckenvirus verbreitet sich in Europa<\/span><\/a>[vc_separator color=&#187;custom&#187; align=&#187;align_left&#187; el_width=&#187;80&#8243; accent_color=&#187;#e51e1e&#187; css=&#187;.vc_custom_1667814746487{margin-top: 10px !important;margin-bottom: 20px !important;}&#187;][vc_column_text]<\/p>\n<h3>Alarmierender FIP-Ausbruch auf Zypern<\/h3>\n<p>In der ersten Jahresh\u00e4lfte sind 20-mal mehr FIP-F\u00e4lle bei Katzen registriert worden als in den Jahren zuvor. Was hat das f\u00fcr Konsequenzen? Eine Stellungnahme:[\/vc_column_text]<style type=\"text\/css\" data-type=\"the7_shortcodes-inline-css\">#default-btn-37fc31c3bc6c3c1593944dc87e61efd1.ico-right-side > i {\n  margin-right: 0px;\n  margin-left: 8px;\n}\n#default-btn-37fc31c3bc6c3c1593944dc87e61efd1 > i {\n  margin-right: 8px;\n}<\/style><a href=\"https:\/\/mailchi.mp\/fecava\/fecava-newsletter-its-going-viral?e=08264b090c\" class=\"default-btn-shortcode dt-btn dt-btn-m link-hover-off btn-inline-left  vc_custom_1691479348534\" target=\"_blank\" id=\"default-btn-37fc31c3bc6c3c1593944dc87e61efd1\" title=\"ENG | FECAVA Newsletter | An Alarming Outbreak of Feline Infectious Peritonitis (FIP) in Cyprus\" rel=\"noopener\"><span>ENG | FECAVA Newsletter | An Alarming Outbreak of Feline Infectious Peritonitis (FIP) in Cyprus<\/span><\/a>[vc_separator color=&#187;custom&#187; align=&#187;align_left&#187; el_width=&#187;80&#8243; accent_color=&#187;#e51e1e&#187; css=&#187;.vc_custom_1667814746487{margin-top: 10px !important;margin-bottom: 20px !important;}&#187;][vc_column_text]<\/p>\n<h4><strong><span style=\"color: #000000;\">Von Experten \u2013 f\u00fcr Experten<\/span><\/strong><\/h4>\n<h3>Neu bei Laboklin \u2013 FGF23<\/h3>\n<p>FGF23 ist u. a. ein wichtiger Regulator des Phosphathaushaltes und steigt im Rahmen einer Niereninsuffizienz bei unzureichender Phosphatausscheidung an. Und zwar noch vor dem Phosphat! So kann der Parameter bereits im Fr\u00fchstadium einer chronischen Nierenerkrankung Hinweise auf eine verringerte Phosphatausscheidung geben und bei der Entscheidung helfen, ob der Patient von einer Phosphatreduktion profitiert. Der Test ist bei Laboklin nun f\u00fcr Katzen und Hunde verf\u00fcgbar.<\/p>\n<h3>Wenn dem Pferd die Laus \u00fcber die Leber l\u00e4uft<\/h3>\n<p>Ein ganzer Abend rund um die Leber beim Pferd: Physiologie, Pathologie, Klinik von Hepatopathien und Leberinsuffizienzen, Interpretation der Laborbefunde, Therapieoptionen, Prognose und im Besonderen der bakteriologische Befund. Gewohnt praxisnah und mit Fallbeispielen werden unsere Referentinnen Licht ins Dunkle bringen, wann welches Antibiotikum sinnvoll ist. Seien Sie am 19. September um 17:30 Uhr im Schloss Marienburg in Pattensen oder online dabei. N\u00e4here Informationen finden Sie unter:[\/vc_column_text]<style type=\"text\/css\" data-type=\"the7_shortcodes-inline-css\">#default-btn-559d0ff0834071e723f20376e607859c.ico-right-side > i {\n  margin-right: 0px;\n  margin-left: 8px;\n}\n#default-btn-559d0ff0834071e723f20376e607859c > i {\n  margin-right: 8px;\n}<\/style><a href=\"http:\/\/LABOKLIN Akademie  |  Lebererkrankungen beim Pferd\" class=\"default-btn-shortcode dt-btn dt-btn-m link-hover-off btn-inline-left  vc_custom_1691479314712\" target=\"_blank\" id=\"default-btn-559d0ff0834071e723f20376e607859c\" title=\"LABOKLIN Akademie  |  Lebererkrankungen beim Pferd\" rel=\"noopener\"><span>LABOKLIN Akademie | Lebererkrankungen beim Pferd<\/span><\/a>[vc_separator color=&#187;custom&#187; align=&#187;align_left&#187; el_width=&#187;80&#8243; accent_color=&#187;#e51e1e&#187; css=&#187;.vc_custom_1667814746487{margin-top: 10px !important;margin-bottom: 20px !important;}&#187;][vc_column_text]<\/p>\n<h3>Wir wollen Sie Reisen sehen!<\/h3>\n<p>Sie wollen einen Kongress oder vielleicht eine Spezialklinik in Europa besuchen? Mit dem FECAVA Laboklin Travel Scholarship unterst\u00fctzen wir dieses Jahr wieder 2 reiselustige Tiermedizinerinnen und Tiermediziner mit einem Beitrag f\u00fcr die Reisekasse. Bewerben Sie sich jetzt! Die Frist endet am 31.08.2023. N\u00e4here Informationen finden Sie hier:[\/vc_column_text]<style type=\"text\/css\" data-type=\"the7_shortcodes-inline-css\">#default-btn-c9e0d9da097632d0e9fdb06b1f7863fd.ico-right-side > i {\n  margin-right: 0px;\n  margin-left: 8px;\n}\n#default-btn-c9e0d9da097632d0e9fdb06b1f7863fd > i {\n  margin-right: 8px;\n}<\/style><a href=\"https:\/\/www.fecava.org\/fecava-laboklin-travel-scholarship\/\" class=\"default-btn-shortcode dt-btn dt-btn-m link-hover-off btn-inline-left  vc_custom_1691479424983\" target=\"_blank\" id=\"default-btn-c9e0d9da097632d0e9fdb06b1f7863fd\" title=\"ENG | FECAVA Laboklin Travel Scholarship\" rel=\"noopener\"><span>ENG | FECAVA Laboklin Travel Scholarship<\/span><\/a>[vc_separator color=&#187;custom&#187; align=&#187;align_left&#187; el_width=&#187;80&#8243; accent_color=&#187;#e51e1e&#187; css=&#187;.vc_custom_1667814746487{margin-top: 10px !important;margin-bottom: 20px !important;}&#187;][\/vc_column][\/vc_row]<\/p>\n<\/div>","protected":false},"excerpt":{"rendered":"<p>+ Gefl\u00fcgelpest bei Katzen<br \/>\n+ Es nimmt kein Ende \u2013 neues von Zecken \u00fcbertragbares Virus&#8230;<br \/>\n+ Alarmierender FIP-Ausbruch auf Zypern<br \/>\n+ Neu bei Laboklin \u2013 FGF23<br \/>\n+ Wenn dem Pferd die Laus \u00fcber die Leber l\u00e4uft<br \/>\n+ Wir wollen Sie Reisen sehen!<\/p>\n","protected":false},"author":1,"featured_media":1445443,"comment_status":"closed","ping_status":"closed","sticky":false,"template":"","format":"standard","meta":{"_seopress_robots_primary_cat":"none","_seopress_titles_title":"","_seopress_titles_desc":"","_seopress_robots_index":"","footnotes":""},"categories":[247],"tags":[],"class_list":["post-1445489","post","type-post","status-publish","format-standard","has-post-thumbnail","hentry","category-sonder-news-de-ch","category-247","description-off"],"_links":{"self":[{"href":"https:\/\/laboklin.de\/de-ch\/wp-json\/wp\/v2\/posts\/1445489","targetHints":{"allow":["GET"]}}],"collection":[{"href":"https:\/\/laboklin.de\/de-ch\/wp-json\/wp\/v2\/posts"}],"about":[{"href":"https:\/\/laboklin.de\/de-ch\/wp-json\/wp\/v2\/types\/post"}],"author":[{"embeddable":true,"href":"https:\/\/laboklin.de\/de-ch\/wp-json\/wp\/v2\/users\/1"}],"replies":[{"embeddable":true,"href":"https:\/\/laboklin.de\/de-ch\/wp-json\/wp\/v2\/comments?post=1445489"}],"version-history":[{"count":1,"href":"https:\/\/laboklin.de\/de-ch\/wp-json\/wp\/v2\/posts\/1445489\/revisions"}],"predecessor-version":[{"id":1445494,"href":"https:\/\/laboklin.de\/de-ch\/wp-json\/wp\/v2\/posts\/1445489\/revisions\/1445494"}],"wp:featuredmedia":[{"embeddable":true,"href":"https:\/\/laboklin.de\/de-ch\/wp-json\/wp\/v2\/media\/1445443"}],"wp:attachment":[{"href":"https:\/\/laboklin.de\/de-ch\/wp-json\/wp\/v2\/media?parent=1445489"}],"wp:term":[{"taxonomy":"category","embeddable":true,"href":"https:\/\/laboklin.de\/de-ch\/wp-json\/wp\/v2\/categories?post=1445489"},{"taxonomy":"post_tag","embeddable":true,"href":"https:\/\/laboklin.de\/de-ch\/wp-json\/wp\/v2\/tags?post=1445489"}],"curies":[{"name":"wp","href":"https:\/\/api.w.org\/{rel}","templated":true}]}}