{"id":1462383,"date":"2023-12-08T17:49:15","date_gmt":"2023-12-08T16:49:15","guid":{"rendered":"https:\/\/laboklin.de\/fuer-sie-gelesen-49-kw-2023\/"},"modified":"2024-04-15T10:50:15","modified_gmt":"2024-04-15T08:50:15","slug":"fuer-sie-gelesen-49-kw-2023","status":"publish","type":"post","link":"https:\/\/laboklin.de\/de-at\/fuer-sie-gelesen-49-kw-2023\/","title":{"rendered":"49. KW 2023"},"content":{"rendered":"<div class=\"wpb-content-wrapper\"><p>[vc_row][vc_column][vc_column_text]<\/p>\n<h3>Daten aus 2023 best\u00e4tigen: West-Nil-Virus breitet sich weiter aus<\/h3>\n<p>Das Friedrich-L\u00f6ffler-Institut best\u00e4tigt f\u00fcr das Jahr 2023 bislang 23 F\u00e4lle des West-Nil-Virus bei Wildv\u00f6geln und 18 F\u00e4lle bei Pferden. Erstmals wurde ein Fall bei einem Zoo-Vogel beschrieben. Damit ist das Virus weiterhin vor allem im Osten Deutschland auf dem Vormarsch:[\/vc_column_text]<style type=\"text\/css\" data-type=\"the7_shortcodes-inline-css\">#default-btn-0378b4aaf65f2b994ebcc4fdb3657e02.ico-right-side > i {\n  margin-right: 0px;\n  margin-left: 8px;\n}\n#default-btn-0378b4aaf65f2b994ebcc4fdb3657e02 > i {\n  margin-right: 8px;\n}<\/style><a href=\"https:\/\/www.fli.de\/de\/aktuelles\/kurznachrichten\/neues-einzelansicht\/ueberblick-west-nil-virus-im-jahr-2023\/\" class=\"default-btn-shortcode dt-btn dt-btn-m link-hover-off btn-inline-left  vc_custom_1704447702515\" target=\"_blank\" id=\"default-btn-0378b4aaf65f2b994ebcc4fdb3657e02\" title=\"FLI | \u00dcberblick: West-Nil-Virus im Jahr 2023\" rel=\"noopener\"><span>FLI | \u00dcberblick: West-Nil-Virus im Jahr 2023<\/span><\/a>[vc_separator color=&#8220;custom&#8220; align=&#8220;align_left&#8220; el_width=&#8220;80&#8243; accent_color=&#8220;#e51e1e&#8220; css=&#8220;.vc_custom_1667814746487{margin-top: 10px !important;margin-bottom: 20px !important;}&#8220;][vc_column_text]<\/p>\n<h3>Neue mysteri\u00f6se Krankheit bei Hunden in den USA<\/h3>\n<p>Hartn\u00e4ckiger Husten, Fieber und Lethargie: Seit dem Sommer h\u00e4ufen sich Berichte \u00fcber eine neue Atemwegserkrankung beim Hund. Wie die New York Times berichtete, sind die Symptome \u00e4hnlich zum Zwingerhusten-Komplex, allerdings hartn\u00e4ckiger. Fachleute bef\u00fcrchten mittlerweile auch eine Ausbreitung in Europa:[\/vc_column_text]<style type=\"text\/css\" data-type=\"the7_shortcodes-inline-css\">#default-btn-2dca0348e391191a521ce942b4822704.ico-right-side > i {\n  margin-right: 0px;\n  margin-left: 8px;\n}\n#default-btn-2dca0348e391191a521ce942b4822704 > i {\n  margin-right: 8px;\n}<\/style><a href=\"https:\/\/www.infranken.de\/ratgeber\/tiere\/wohl-antibiotikaresistente-hunde-krankheit-grassiert-in-usa-kommt-sie-nach-deutschland-art-5798406\" class=\"default-btn-shortcode dt-btn dt-btn-m link-hover-off btn-inline-left  vc_custom_1704447771784\" target=\"_blank\" id=\"default-btn-2dca0348e391191a521ce942b4822704\" title=\"inFranken |  Kommt sie nach Deutschland? R\u00e4tselhafte Hunde-Krankheit...\" rel=\"noopener\"><span>inFranken | Kommt sie nach Deutschland? R\u00e4tselhafte Hunde-Krankheit&#8230;<\/span><\/a>[vc_separator color=&#8220;custom&#8220; align=&#8220;align_left&#8220; el_width=&#8220;80&#8243; accent_color=&#8220;#e51e1e&#8220; css=&#8220;.vc_custom_1667814746487{margin-top: 10px !important;margin-bottom: 20px !important;}&#8220;][vc_column_text]<\/p>\n<h3><span style=\"color: #3366ff;\">Trend: 71 % aller europ\u00e4ischer Tier\u00e4rzte auf Kleintiere spezialisiert<\/span><\/h3>\n<p>Die Federation of Veterinarians of Europe (FVE) hat die Ergebnisse ihrer 3. Umfrage ver\u00f6ffentlicht. Danach haben sich mittlerweile 71 % aller Tier\u00e4rzte auf die Versorgung von Kleintieren spezialisiert. Alle Ergebnisse dieser seit 2015 stattfindenden Umfrage finden Sie hier:[\/vc_column_text]<style type=\"text\/css\" data-type=\"the7_shortcodes-inline-css\">#default-btn-8655df90ce999120aed7cd78006d1b8b.ico-right-side > i {\n  margin-right: 0px;\n  margin-left: 8px;\n}\n#default-btn-8655df90ce999120aed7cd78006d1b8b > i {\n  margin-right: 8px;\n}<\/style><a href=\"https:\/\/www.fecava.org\/news-and-events\/news\/fves-third-vetsurvey-2023-71-of-veterinarians-specialize-in-companion-animals\/\" class=\"default-btn-shortcode dt-btn dt-btn-m link-hover-off btn-inline-left  vc_custom_1704448079853\" target=\"_blank\" id=\"default-btn-8655df90ce999120aed7cd78006d1b8b\" title=\"FECAVA |  FVE\u2019s Third VetSurvey 2023...\" rel=\"noopener\"><span>FECAVA | FVE\u2019s Third VetSurvey 2023&#8230;<\/span><\/a>[vc_separator color=&#8220;custom&#8220; align=&#8220;align_left&#8220; el_width=&#8220;80&#8243; accent_color=&#8220;#e51e1e&#8220; css=&#8220;.vc_custom_1667814746487{margin-top: 10px !important;margin-bottom: 20px !important;}&#8220;][vc_column_text]<\/p>\n<h3>Deutsche Wildtierstiftung \u2013 \u201eTier des Jahres\u201c 2024 gew\u00e4hlt<\/h3>\n<p>Er hat fast 6000 Stacheln zum Schutz, trotzdem ist er gef\u00e4hrdet: Die zunehmende Bedrohung des Lebensraumes macht dem in Deutschland verbreiteten Braunbrustigel zu schaffen. Mit der Wahl zum \u201eTier des Jahres\u201c soll auf die Probleme des Igels aufmerksam gemacht werden:[\/vc_column_text]<style type=\"text\/css\" data-type=\"the7_shortcodes-inline-css\">#default-btn-17cf34e3e097fcb9ef9acd20b36e6f6d.ico-right-side > i {\n  margin-right: 0px;\n  margin-left: 8px;\n}\n#default-btn-17cf34e3e097fcb9ef9acd20b36e6f6d > i {\n  margin-right: 8px;\n}<\/style><a href=\"https:\/\/www.spektrum.de\/news\/deutsche-wildtierstiftung-igel-zum-tier-des-jahres-2024-gewaehlt\/2200524\" class=\"default-btn-shortcode dt-btn dt-btn-m link-hover-off btn-inline-left  vc_custom_1704448150434\" target=\"_blank\" id=\"default-btn-17cf34e3e097fcb9ef9acd20b36e6f6d\" title=\"Spektrum | Igel zum \u00bbTier des Jahres\u00ab 2024 gew\u00e4hlt\" rel=\"noopener\"><span>Spektrum | Igel zum \u00bbTier des Jahres\u00ab 2024 gew\u00e4hlt<\/span><\/a>[vc_separator color=&#8220;custom&#8220; align=&#8220;align_left&#8220; el_width=&#8220;80&#8243; accent_color=&#8220;#e51e1e&#8220; css=&#8220;.vc_custom_1667814746487{margin-top: 10px !important;margin-bottom: 20px !important;}&#8220;][vc_column_text]<\/p>\n<h4><strong><span style=\"color: #000000;\">Von Experten \u2013 f\u00fcr Experten<\/span><\/strong><\/h4>\n<h3>\u201eAuf den Hund gekommen\u201c \u2013 aber sicher!<\/h3>\n<p>Am 2. Dezember hat Rechtsanwalt Ackenheil die rechtlichen Probleme rund um den Hundekauf in einem Web-Seminar erl\u00e4utert. Nutzen Sie die Aufzeichnungen und erhalten Sie wertvolle Tipps und Grundlagen zu Kaufvertr\u00e4gen bei Hunden:[\/vc_column_text]<style type=\"text\/css\" data-type=\"the7_shortcodes-inline-css\">#default-btn-b93cdcbf4048e241a4d51a43f45534b2.ico-right-side > i {\n  margin-right: 0px;\n  margin-left: 8px;\n}\n#default-btn-b93cdcbf4048e241a4d51a43f45534b2 > i {\n  margin-right: 8px;\n}<\/style><a href=\"https:\/\/app.seminarmanagercloud.de\/laboklin-gmbh-cokg\/buchungsportal\/tfa-laborkurs-aufzeichnung-83442d25603d463299b994f642b11319\" class=\"default-btn-shortcode dt-btn dt-btn-m link-hover-off btn-inline-left  vc_custom_1700750192573\" target=\"_blank\" id=\"default-btn-b93cdcbf4048e241a4d51a43f45534b2\" title=\"TFA.LABOKLIN  |  TFA-Laborkurs | Aufzeichnung\" rel=\"noopener\"><span>TFA.LABOKLIN | TFA-Laborkurs | Aufzeichnung<\/span><\/a>[vc_separator color=&#8220;custom&#8220; align=&#8220;align_left&#8220; el_width=&#8220;80&#8243; accent_color=&#8220;#e51e1e&#8220; css=&#8220;.vc_custom_1667814746487{margin-top: 10px !important;margin-bottom: 20px !important;}&#8220;][vc_column_text]<\/p>\n<h3>Neue Seminarbrosch\u00fcre<\/h3>\n<p>Wir freuen uns, Ihnen unsere neue Seminarbrosch\u00fcre f\u00fcr das kommende Jahr pr\u00e4sentieren zu k\u00f6nnen. Schauen Sie gleich einmal rein, sicher ist auch f\u00fcr Sie ein spannendes Thema dabei:[\/vc_column_text]<style type=\"text\/css\" data-type=\"the7_shortcodes-inline-css\">#default-btn-fc6ab58d29c45b2ff65bcc4efd6cebdb.ico-right-side > i {\n  margin-right: 0px;\n  margin-left: 8px;\n}\n#default-btn-fc6ab58d29c45b2ff65bcc4efd6cebdb > i {\n  margin-right: 8px;\n}<\/style><a href=\"https:\/\/laboklin.de\/de\/fachinformationen\/info-broschueren\/\" class=\"default-btn-shortcode dt-btn dt-btn-m link-hover-off btn-inline-left  vc_custom_1704448395579\" target=\"_blank\" id=\"default-btn-fc6ab58d29c45b2ff65bcc4efd6cebdb\" title=\"LABOKLIN |  Info-Brosch\u00fcren\" rel=\"noopener\"><span>LABOKLIN | Info-Brosch\u00fcren<\/span><\/a>[vc_separator color=&#8220;custom&#8220; align=&#8220;align_left&#8220; el_width=&#8220;80&#8243; accent_color=&#8220;#e51e1e&#8220; css=&#8220;.vc_custom_1667814746487{margin-top: 10px !important;margin-bottom: 20px !important;}&#8220;][\/vc_column][\/vc_row]<\/p>\n<\/div>","protected":false},"excerpt":{"rendered":"<p>+ West-Nil-Virus breitet sich weiter aus<br \/>\n+ Neue mysteri\u00f6se Krankheit bei Hunden in den USA<br \/>\n+ 71 % aller europ\u00e4ischer Tier\u00e4rzte auf Kleintiere spezialisiert<br \/>\n+ \u201eTier des Jahres\u201c 2024 gew\u00e4hlt<br \/>\n+ \u201eAuf den Hund gekommen\u201c \u2013 aber sicher!<br \/>\n+ Neue Seminarbrosch\u00fcre<\/p>\n","protected":false},"author":1,"featured_media":1456843,"comment_status":"closed","ping_status":"closed","sticky":false,"template":"","format":"standard","meta":{"_seopress_robots_primary_cat":"none","_seopress_titles_title":"","_seopress_titles_desc":"","_seopress_robots_index":"","footnotes":""},"categories":[246],"tags":[],"class_list":["post-1462383","post","type-post","status-publish","format-standard","has-post-thumbnail","hentry","category-sonder-news-de-at","category-246","description-off"],"_links":{"self":[{"href":"https:\/\/laboklin.de\/de-at\/wp-json\/wp\/v2\/posts\/1462383","targetHints":{"allow":["GET"]}}],"collection":[{"href":"https:\/\/laboklin.de\/de-at\/wp-json\/wp\/v2\/posts"}],"about":[{"href":"https:\/\/laboklin.de\/de-at\/wp-json\/wp\/v2\/types\/post"}],"author":[{"embeddable":true,"href":"https:\/\/laboklin.de\/de-at\/wp-json\/wp\/v2\/users\/1"}],"replies":[{"embeddable":true,"href":"https:\/\/laboklin.de\/de-at\/wp-json\/wp\/v2\/comments?post=1462383"}],"version-history":[{"count":1,"href":"https:\/\/laboklin.de\/de-at\/wp-json\/wp\/v2\/posts\/1462383\/revisions"}],"predecessor-version":[{"id":1470262,"href":"https:\/\/laboklin.de\/de-at\/wp-json\/wp\/v2\/posts\/1462383\/revisions\/1470262"}],"wp:featuredmedia":[{"embeddable":true,"href":"https:\/\/laboklin.de\/de-at\/wp-json\/wp\/v2\/media\/1456843"}],"wp:attachment":[{"href":"https:\/\/laboklin.de\/de-at\/wp-json\/wp\/v2\/media?parent=1462383"}],"wp:term":[{"taxonomy":"category","embeddable":true,"href":"https:\/\/laboklin.de\/de-at\/wp-json\/wp\/v2\/categories?post=1462383"},{"taxonomy":"post_tag","embeddable":true,"href":"https:\/\/laboklin.de\/de-at\/wp-json\/wp\/v2\/tags?post=1462383"}],"curies":[{"name":"wp","href":"https:\/\/api.w.org\/{rel}","templated":true}]}}