{"id":1462382,"date":"2024-01-05T15:26:33","date_gmt":"2024-01-05T14:26:33","guid":{"rendered":"https:\/\/laboklin.de\/fuer-sie-gelesen-01-kw-2024\/"},"modified":"2024-04-15T10:49:08","modified_gmt":"2024-04-15T08:49:08","slug":"fuer-sie-gelesen-01-kw-2024","status":"publish","type":"post","link":"https:\/\/laboklin.de\/de-at\/fuer-sie-gelesen-01-kw-2024\/","title":{"rendered":"01. KW 2024"},"content":{"rendered":"<div class=\"wpb-content-wrapper\"><p>[vc_row][vc_column][vc_column_text]<\/p>\n<h3>Afrikanische Schweinepest in Italien: dramatischer Anstieg von F\u00e4llen<\/h3>\n<p>Die Afrikanische Schweinepest breitet sich in Italien rasant aus. Ende 2023 wurde auch in Norditalien ein Wildschein positiv auf das Virus getestet. Italienische Schweinehalter fordern mittlerweile die T\u00f6tung von mehr als 700.000 Wildschweinen:[\/vc_column_text]<style type=\"text\/css\" data-type=\"the7_shortcodes-inline-css\">#default-btn-ec2d955817e5575fa152becc7ad3ca57.ico-right-side > i {\n  margin-right: 0px;\n  margin-left: 8px;\n}\n#default-btn-ec2d955817e5575fa152becc7ad3ca57 > i {\n  margin-right: 8px;\n}<\/style><a href=\"https:\/\/www.agrarheute.com\/tier\/schwein\/asp-italien-tierseuche-ausser-kontrolle-536254\" class=\"default-btn-shortcode dt-btn dt-btn-m link-hover-off btn-inline-left  vc_custom_1704454026293\" target=\"_blank\" id=\"default-btn-ec2d955817e5575fa152becc7ad3ca57\" title=\"agrarheute | Tierseuche au\u00dfer Kontrolle\" rel=\"noopener\"><span>agrarheute | Tierseuche au\u00dfer Kontrolle<\/span><\/a>[vc_separator color=&#8220;custom&#8220; align=&#8220;align_left&#8220; el_width=&#8220;80&#8243; accent_color=&#8220;#e51e1e&#8220; css=&#8220;.vc_custom_1667814746487{margin-top: 10px !important;margin-bottom: 20px !important;}&#8220;][vc_column_text]<\/p>\n<h3><span style=\"color: #3366ff;\">Bessere Tierschutzma\u00dfnahmen f\u00fcr Hunde und Katzen in der EU<\/span><\/h3>\n<p>Am 7. Dezember 2023 hat die EU-Kommission erstmals neue EU-Vorschriften zum Wohlergehen von Hunden und Katzen, die als Haustiere zu wirtschaftlichen Zwecken gez\u00fcchtet werden, vorgeschlagen. Dazu geh\u00f6ren strenge Anforderungen an die R\u00fcckverfolgbarkeit sowie automatisierte Kontrollen des Online-Verkaufs:[\/vc_column_text]<style type=\"text\/css\" data-type=\"the7_shortcodes-inline-css\">#default-btn-14001963d4f4ba05088b2cbdec266333.ico-right-side > i {\n  margin-right: 0px;\n  margin-left: 8px;\n}\n#default-btn-14001963d4f4ba05088b2cbdec266333 > i {\n  margin-right: 8px;\n}<\/style><a href=\"https:\/\/ec.europa.eu\/commission\/presscorner\/detail\/en\/ip_23_6251\" class=\"default-btn-shortcode dt-btn dt-btn-m link-hover-off btn-inline-left  vc_custom_1704454109859\" target=\"_blank\" id=\"default-btn-14001963d4f4ba05088b2cbdec266333\" title=\"ec.europa |  Commission proposes new rules to improve animal welfare\" rel=\"noopener\"><span>ec.europa | Commission proposes new rules to improve animal welfare<\/span><\/a>[vc_separator color=&#8220;custom&#8220; align=&#8220;align_left&#8220; el_width=&#8220;80&#8243; accent_color=&#8220;#e51e1e&#8220; css=&#8220;.vc_custom_1667814746487{margin-top: 10px !important;margin-bottom: 20px !important;}&#8220;][vc_column_text]<\/p>\n<h3>Neues Antibiotikum aus der menschlichen Nase<\/h3>\n<p>Forscher haben in Bakterien der menschlichen Nasenschleimhaut einen neuen antibiotischen Wirkstoff gefunden. Dieser k\u00f6nnte f\u00fcr eine bessere Behandlung multiresistenter Keime von Nutzen sein:[\/vc_column_text]<style type=\"text\/css\" data-type=\"the7_shortcodes-inline-css\">#default-btn-ee43f222f68faaff6fd9af9e84f21f55.ico-right-side > i {\n  margin-right: 0px;\n  margin-left: 8px;\n}\n#default-btn-ee43f222f68faaff6fd9af9e84f21f55 > i {\n  margin-right: 8px;\n}<\/style><a href=\"https:\/\/www.scinexx.de\/news\/medizin\/neuartiges-antibiotikum-in-unserer-nase-entdeckt\/\" class=\"default-btn-shortcode dt-btn dt-btn-m link-hover-off btn-inline-left  vc_custom_1704454187097\" target=\"_blank\" id=\"default-btn-ee43f222f68faaff6fd9af9e84f21f55\" title=\"scinexx |  Neues Antibiotikum in unserer Nase entdeckt\" rel=\"noopener\"><span>scinexx | Neues Antibiotikum in unserer Nase entdeckt<\/span><\/a>[vc_separator color=&#8220;custom&#8220; align=&#8220;align_left&#8220; el_width=&#8220;80&#8243; accent_color=&#8220;#e51e1e&#8220; css=&#8220;.vc_custom_1667814746487{margin-top: 10px !important;margin-bottom: 20px !important;}&#8220;][vc_column_text]<\/p>\n<h4><strong><span style=\"color: #000000;\">Von Experten \u2013 f\u00fcr Experten<\/span><\/strong><\/h4>\n<h3><strong>Jubil\u00e4um \u2013 35 Jahre Laboklin<\/strong><\/h3>\n<p><img loading=\"lazy\" decoding=\"async\" class=\"alignright wp-image-1456113\" src=\"https:\/\/laboklin.de\/wp-content\/uploads\/2024\/01\/Logo_Jubilaeum_35.jpg\" alt=\"35 Jahre LABOKLIN\" width=\"280\" height=\"114\" srcset=\"https:\/\/laboklin.de\/wp-content\/uploads\/2024\/01\/Logo_Jubilaeum_35.jpg 502w, https:\/\/laboklin.de\/wp-content\/uploads\/2024\/01\/Logo_Jubilaeum_35-300x122.jpg 300w, https:\/\/laboklin.de\/wp-content\/uploads\/2024\/01\/Logo_Jubilaeum_35-500x204.jpg 500w\" sizes=\"auto, (max-width: 280px) 100vw, 280px\" \/>Wir freuen uns, in diesem Jahr ein Jubil\u00e4um zu feiern: Seit dreieinhalb Jahrzehnten ist Laboklin als Partner an Ihrer Seite!<br \/>\nUrspr\u00fcnglich gepr\u00e4gt von dem Interesse f\u00fcr Mikrobiologie, Parasitologie und klinischer Labordiagnostik, hat sich unser Fachgebiet kontinuierlich weiterentwickelt und umfasst mittlerweile auch Pathologie und Molekularbiologie. Von Anfang an war das Thema Weiterbildung ein zentrales Anliegen, was sich nicht nur in der bereits bestehenden Erm\u00e4chtigung f\u00fcr die Weiterbildung zum Fachtierarzt f\u00fcr klinische Laboratoriumsdiagnostik zeigt, sondern auch durch die Hinzunahme von Erm\u00e4chtigungen f\u00fcr Mikrobiologie und Pathologie, sowie die Zusammenarbeit mit zahlreichen Diplomates in unserem Team. Unsere engagierten Kollegen in der Forschungsgruppe tragen ma\u00dfgeblich dazu bei, dass unser Wissen stets auf dem neuesten Stand ist. Durch ihre Arbeiten werden nicht nur fortlaufend neue Standards etabliert, sondern auch innovative Erkenntnisse in Bezug auf die tiermedizinische Labordiagnostik gewonnen.[\/vc_column_text][vc_separator color=&#8220;custom&#8220; align=&#8220;align_left&#8220; el_width=&#8220;80&#8243; accent_color=&#8220;#e51e1e&#8220; css=&#8220;.vc_custom_1667814746487{margin-top: 10px !important;margin-bottom: 20px !important;}&#8220;][vc_column_text]<\/p>\n<h3>Web-Seminar: Expertenrunde zur chronischen Nierenerkrankung<\/h3>\n<p>Am 30.01.2024 startet unsere n\u00e4chste \u201eExpertenrunde\u201c zum Thema chronische Nierenerkrankung bei Hund und Katze. Unter <strong><a href=\"mailto:expertenrunde@laboklin.com\">expertenrunde@laboklin.com<\/a><\/strong> k\u00f6nnen Sie Ihre Fragen zu dem Thema einsenden, welche unsere Experten dann gerne w\u00e4hrend des Web-Seminars beantworten.<br \/>\nPD Dr. Petra K\u00f6lle, PD Dr. Roswitha Dorsch, Dr. Thierry Francey, Prof. Dr. Rafael Nickel und Dr. Ariane Schweighauser stehen bereit, um Ihr umfassendes Fachwissen in die Diskussion einzubringen und Fragen zu beantworten.<br \/>\nWeiter Infos und die Anmeldung zu dem Web-Seminar finden Sie hier:[\/vc_column_text]<style type=\"text\/css\" data-type=\"the7_shortcodes-inline-css\">#default-btn-fa136f8726994c14334fb3922457cc40.ico-right-side > i {\n  margin-right: 0px;\n  margin-left: 8px;\n}\n#default-btn-fa136f8726994c14334fb3922457cc40 > i {\n  margin-right: 8px;\n}<\/style><a href=\"https:\/\/app.seminarmanagercloud.de\/laboklin-gmbh-cokg\/buchungsportal\/expertenrunde-chronische-nierenerkrankung-online-dbfe06def0cb483c9cb1327dcb9c1164\" class=\"default-btn-shortcode dt-btn dt-btn-m link-hover-off btn-inline-left  vc_custom_1704461124838\" target=\"_blank\" id=\"default-btn-fa136f8726994c14334fb3922457cc40\" title=\"Expertenrunde | Chronische Nierenerkrankung\" rel=\"noopener\"><span>Expertenrunde | Chronische Nierenerkrankung<\/span><\/a>[vc_separator color=&#8220;custom&#8220; align=&#8220;align_left&#8220; el_width=&#8220;80&#8243; accent_color=&#8220;#e51e1e&#8220; css=&#8220;.vc_custom_1667814746487{margin-top: 10px !important;margin-bottom: 20px !important;}&#8220;][\/vc_column][\/vc_row]<\/p>\n<\/div>","protected":false},"excerpt":{"rendered":"<p>+ Afrikanische Schweinepest in Italien: dramatischer Anstieg von F\u00e4llen<br \/>\n+ Bessere Tierschutzma\u00dfnahmen f\u00fcr Hunde und Katzen in der EU<br \/>\n+ Neues Antibiotikum aus der menschlichen Nase<br \/>\n+ Jubil\u00e4um \u2013 35 Jahre Laboklin<br \/>\n+ Expertenrunde zur chronischen Nierenerkrankung<\/p>\n","protected":false},"author":1,"featured_media":1456865,"comment_status":"closed","ping_status":"closed","sticky":false,"template":"","format":"standard","meta":{"_seopress_robots_primary_cat":"none","_seopress_titles_title":"","_seopress_titles_desc":"","_seopress_robots_index":"","footnotes":""},"categories":[246],"tags":[],"class_list":["post-1462382","post","type-post","status-publish","format-standard","has-post-thumbnail","hentry","category-sonder-news-de-at","category-246","description-off"],"_links":{"self":[{"href":"https:\/\/laboklin.de\/de-at\/wp-json\/wp\/v2\/posts\/1462382","targetHints":{"allow":["GET"]}}],"collection":[{"href":"https:\/\/laboklin.de\/de-at\/wp-json\/wp\/v2\/posts"}],"about":[{"href":"https:\/\/laboklin.de\/de-at\/wp-json\/wp\/v2\/types\/post"}],"author":[{"embeddable":true,"href":"https:\/\/laboklin.de\/de-at\/wp-json\/wp\/v2\/users\/1"}],"replies":[{"embeddable":true,"href":"https:\/\/laboklin.de\/de-at\/wp-json\/wp\/v2\/comments?post=1462382"}],"version-history":[{"count":1,"href":"https:\/\/laboklin.de\/de-at\/wp-json\/wp\/v2\/posts\/1462382\/revisions"}],"predecessor-version":[{"id":1470261,"href":"https:\/\/laboklin.de\/de-at\/wp-json\/wp\/v2\/posts\/1462382\/revisions\/1470261"}],"wp:featuredmedia":[{"embeddable":true,"href":"https:\/\/laboklin.de\/de-at\/wp-json\/wp\/v2\/media\/1456865"}],"wp:attachment":[{"href":"https:\/\/laboklin.de\/de-at\/wp-json\/wp\/v2\/media?parent=1462382"}],"wp:term":[{"taxonomy":"category","embeddable":true,"href":"https:\/\/laboklin.de\/de-at\/wp-json\/wp\/v2\/categories?post=1462382"},{"taxonomy":"post_tag","embeddable":true,"href":"https:\/\/laboklin.de\/de-at\/wp-json\/wp\/v2\/tags?post=1462382"}],"curies":[{"name":"wp","href":"https:\/\/api.w.org\/{rel}","templated":true}]}}