{"id":1462380,"date":"2024-02-09T17:02:32","date_gmt":"2024-02-09T16:02:32","guid":{"rendered":"https:\/\/laboklin.de\/fuer-sie-gelesen-06-kw-2024\/"},"modified":"2024-04-15T10:47:41","modified_gmt":"2024-04-15T08:47:41","slug":"fuer-sie-gelesen-06-kw-2024","status":"publish","type":"post","link":"https:\/\/laboklin.de\/de-at\/fuer-sie-gelesen-06-kw-2024\/","title":{"rendered":"06. KW 2024"},"content":{"rendered":"<div class=\"wpb-content-wrapper\"><p>[vc_row][vc_column][vc_column_text]<\/p>\n<h3>Gefl\u00fcgelpest \u2013 Paradigmenwechsel in der Bek\u00e4mpfung<\/h3>\n<p>Unter strengen \u00dcberwachungsma\u00dfnahmen soll sie nun kommen, die Impfung gegen hochpathogene avi\u00e4re Influenzaviren; die Durchf\u00fchrungsverordnung 2023\/361\/EU macht es m\u00f6glich. Um welche Impfstoffe es geht und was von ihnen erwartet werden kann, dar\u00fcber informiert die StIKo Vet auf der Webseite des Friedrich-Loeffler-Instituts:[\/vc_column_text]<style type=\"text\/css\" data-type=\"the7_shortcodes-inline-css\">#default-btn-f3d3969d485ab5b635db1e9df39545b6.ico-right-side > i {\n  margin-right: 0px;\n  margin-left: 8px;\n}\n#default-btn-f3d3969d485ab5b635db1e9df39545b6 > i {\n  margin-right: 8px;\n}<\/style><a href=\"https:\/\/stiko-vet.fli.de\/de\/aktuelles\/einzelansicht\/weitere-informationen-zur-impfung-gegen-hochpathogene-aviaere-influenzaviren\/\" class=\"default-btn-shortcode dt-btn dt-btn-m link-hover-off btn-inline-left  vc_custom_1707727100832\" target=\"_blank\" id=\"default-btn-f3d3969d485ab5b635db1e9df39545b6\" title=\"StIKo Vet | Weitere Informationen zur Impfung...\" rel=\"noopener\"><span>StIKo Vet | Weitere Informationen zur Impfung&#8230;<\/span><\/a>[vc_separator color=&#8220;custom&#8220; align=&#8220;align_left&#8220; el_width=&#8220;80&#8243; accent_color=&#8220;#e51e1e&#8220; css=&#8220;.vc_custom_1667814746487{margin-top: 10px !important;margin-bottom: 20px !important;}&#8220;][vc_column_text]<\/p>\n<h3>Und t\u00e4glich gr\u00fc\u00dft die Salmonelle<\/h3>\n<p>In den letzten Jahren stieg die Zahl der R\u00fcckrufe von Lebensmitteln; als Verursacher mikrobieller Verunreinigung mischen die Salmonellen dabei wieder ganz vorne mit. Merke: Gesunde Lebensmittel sind auch in unserer Zeit keine Selbstverst\u00e4ndlichkeit:[\/vc_column_text]<style type=\"text\/css\" data-type=\"the7_shortcodes-inline-css\">#default-btn-fb92c6d190b87f0b853430fef8503989.ico-right-side > i {\n  margin-right: 0px;\n  margin-left: 8px;\n}\n#default-btn-fb92c6d190b87f0b853430fef8503989 > i {\n  margin-right: 8px;\n}<\/style><a href=\"https:\/\/www.aerzteblatt.de\/nachrichten\/149089\/Salmonellen-weiterhin-haeufiger-Grund-fuer-Rueckrufe-von-Lebensmitteln\" class=\"default-btn-shortcode dt-btn dt-btn-m link-hover-off btn-inline-left  vc_custom_1707727156183\" target=\"_blank\" id=\"default-btn-fb92c6d190b87f0b853430fef8503989\" title=\"aerzteblatt.de | Salmonellen weiterhin h\u00e4ufiger Grund f\u00fcr R\u00fcckrufe von Lebensmitteln\" rel=\"noopener\"><span>aerzteblatt.de | Salmonellen weiterhin h\u00e4ufiger Grund f\u00fcr R\u00fcckrufe von Lebensmitteln<\/span><\/a>[vc_column_text]Erfreulich ist, dass man sich in Deutschland daf\u00fcr wenig Sorgen wegen Pestizidr\u00fcckst\u00e4nden in den Lebensmitteln machen muss. Welche Lebensmittel an dieser Stelle negativ auffallen, \u00fcberrascht allerdings:[\/vc_column_text]<style type=\"text\/css\" data-type=\"the7_shortcodes-inline-css\">#default-btn-328b7899aacb28db9935e6727296668f.ico-right-side > i {\n  margin-right: 0px;\n  margin-left: 8px;\n}\n#default-btn-328b7899aacb28db9935e6727296668f > i {\n  margin-right: 8px;\n}<\/style><a href=\"https:\/\/www.aerzteblatt.de\/nachrichten\/sw\/Lebensmittel?s=&amp;p=1&amp;n=1&amp;nid=148622\" class=\"default-btn-shortcode dt-btn dt-btn-m link-hover-off btn-inline-left  vc_custom_1707727217814\" target=\"_blank\" id=\"default-btn-328b7899aacb28db9935e6727296668f\" title=\"aerzteblatt.de | Wenig Pestizidr\u00fcckst\u00e4nde in Lebensmitteln\" rel=\"noopener\"><span>aerzteblatt.de | Wenig Pestizidr\u00fcckst\u00e4nde in Lebensmitteln<\/span><\/a>[vc_separator color=&#8220;custom&#8220; align=&#8220;align_left&#8220; el_width=&#8220;80&#8243; accent_color=&#8220;#e51e1e&#8220; css=&#8220;.vc_custom_1667814746487{margin-top: 10px !important;margin-bottom: 20px !important;}&#8220;][vc_column_text]<\/p>\n<h3><span style=\"color: #3366ff;\">Non-Core-Vakzine: Impfen oder nicht impfen? <\/span><\/h3>\n<p>Eine nicht ganz neue Frage, zu der sich Scott Weese in seinem WormsandGerms-Blog ein paar neue (und unterhaltsame) Gedanken gemacht hat:[\/vc_column_text]<style type=\"text\/css\" data-type=\"the7_shortcodes-inline-css\">#default-btn-b71993799fbf071f98e95156db0eb232.ico-right-side > i {\n  margin-right: 0px;\n  margin-left: 8px;\n}\n#default-btn-b71993799fbf071f98e95156db0eb232 > i {\n  margin-right: 8px;\n}<\/style><a href=\"https:\/\/www.wormsandgermsblog.com\/2024\/02\/articles\/animals\/dogs\/lifestyle-vaccines-in-dogs-expanding-our-thoughts\/\" class=\"default-btn-shortcode dt-btn dt-btn-m link-hover-off btn-inline-left  vc_custom_1707727285864\" target=\"_blank\" id=\"default-btn-b71993799fbf071f98e95156db0eb232\" title=\"Worms & Germs Blog |  \u201cLifestyle Vaccines\u201d in Dogs...\" rel=\"noopener\"><span>Worms &amp; Germs Blog | \u201cLifestyle Vaccines\u201d in Dogs&#8230;<\/span><\/a>[vc_separator color=&#8220;custom&#8220; align=&#8220;align_left&#8220; el_width=&#8220;80&#8243; accent_color=&#8220;#e51e1e&#8220; css=&#8220;.vc_custom_1667814746487{margin-top: 10px !important;margin-bottom: 20px !important;}&#8220;][vc_column_text]<\/p>\n<h3>Bundestierschutzbeauftragte: Gespr\u00e4ch zur Lage der Tierheime<\/h3>\n<p>Viele Tierheime arbeiten am Anschlag. Was kann getan werden, um ihre Lage zu verbessern? Die Bundestierschutzbeauftragte Ariane Kari hatte Anfang des Monats zu einem Runden Tisch eingeladen, um L\u00f6sungsm\u00f6glichkeiten auszuloten. Klar wurde: Den einen gro\u00dfen Hebel zur Bew\u00e4ltigung der Probleme wird es nicht geben.<br \/>\n\u00dcber das Treffen berichtet der Bundesverband praktizierender Tier\u00e4rzte:[\/vc_column_text]<style type=\"text\/css\" data-type=\"the7_shortcodes-inline-css\">#default-btn-ce56bba4718588dee62f33e08b36237e.ico-right-side > i {\n  margin-right: 0px;\n  margin-left: 8px;\n}\n#default-btn-ce56bba4718588dee62f33e08b36237e > i {\n  margin-right: 8px;\n}<\/style><a href=\"https:\/\/www.tieraerzteverband.de\/bpt\/aktuelles\/meldungen\/2024\/2024_02_06_PM-Runder-Tisch-Tierheime.php\" class=\"default-btn-shortcode dt-btn dt-btn-m link-hover-off btn-inline-left  vc_custom_1707727355174\" target=\"_blank\" id=\"default-btn-ce56bba4718588dee62f33e08b36237e\" title=\"bpt-aktuelles |  Runder Tisch zur Lage der Tierheime\" rel=\"noopener\"><span>bpt-aktuelles | Runder Tisch zur Lage der Tierheime<\/span><\/a>[vc_separator color=&#8220;custom&#8220; align=&#8220;align_left&#8220; el_width=&#8220;80&#8243; accent_color=&#8220;#e51e1e&#8220; css=&#8220;.vc_custom_1667814746487{margin-top: 10px !important;margin-bottom: 20px !important;}&#8220;][vc_column_text]<\/p>\n<h4><strong><span style=\"color: #000000;\">Von Experten \u2013 f\u00fcr Experten<\/span><\/strong><\/h4>\n<h3>Seminar Labordiagnostik Kleins\u00e4uger \u2013 Befundinterpretation leicht gemacht<\/h3>\n<p style=\"padding-left: 40px;\"><strong>Wann?<\/strong> Donnerstag, 29.2.2024, 17.45 Uhr<br \/>\n<strong>Wo?<\/strong> Bielefeld (bpt intensiv Kleintiere)<br \/>\n<strong>Was?<\/strong> Alle Infos zu Programm und Anmeldung finden Sie hier:<\/p>\n<p>[\/vc_column_text]<style type=\"text\/css\" data-type=\"the7_shortcodes-inline-css\">#default-btn-eb103681f951c6d9ed070c3bbc5ca97e.ico-right-side > i {\n  margin-right: 0px;\n  margin-left: 8px;\n}\n#default-btn-eb103681f951c6d9ed070c3bbc5ca97e > i {\n  margin-right: 8px;\n}<\/style><a href=\"https:\/\/www.tieraerzteverband.de\/fortbildung\/bielefeld\/2024\/Fachprogramm\/Ausstellerforum\/f_Laboklin-Labordiagnostik.php\" class=\"default-btn-shortcode dt-btn dt-btn-m link-hover-off btn-inline-left  vc_custom_1707728258944\" target=\"_blank\" id=\"default-btn-eb103681f951c6d9ed070c3bbc5ca97e\" title=\"tieraerzteverband.de | Labordiagnostik Kleins\u00e4uger \u2013 Befundinterpretation leicht gemacht\" rel=\"noopener\"><span>tieraerzteverband.de | Labordiagnostik Kleins\u00e4uger \u2013 Befundinterpretation leicht gemacht<\/span><\/a>[vc_separator color=&#8220;custom&#8220; align=&#8220;align_left&#8220; el_width=&#8220;80&#8243; accent_color=&#8220;#e51e1e&#8220; css=&#8220;.vc_custom_1667814746487{margin-top: 10px !important;margin-bottom: 20px !important;}&#8220;][vc_column_text]<\/p>\n<h3>Hygienekontrolle leicht gemacht \u2026<\/h3>\n<p>Ob Hei\u00dfluftsterilisator, Autoklav oder Endoskop \u2013 Monitoringprofile helfen ebenso wie die automatische Materialzusendung f\u00fcr Folgeuntersuchungen in wunschgem\u00e4\u00dfen Zeitintervallen, die Praxishygiene im Griff zu haben. Weitere Informationen finden Sie hier:[\/vc_column_text]<style type=\"text\/css\" data-type=\"the7_shortcodes-inline-css\">#default-btn-dd4b95f6e61269f21ce3b07da9759fc5.ico-right-side > i {\n  margin-right: 0px;\n  margin-left: 8px;\n}\n#default-btn-dd4b95f6e61269f21ce3b07da9759fc5 > i {\n  margin-right: 8px;\n}<\/style><a href=\"https:\/\/laboklin.de\/de\/fachinformationen\/info-broschueren\/#!\/hygiene\" class=\"default-btn-shortcode dt-btn dt-btn-m link-hover-off btn-inline-left  vc_custom_1707728320255\" target=\"_blank\" id=\"default-btn-dd4b95f6e61269f21ce3b07da9759fc5\" title=\"LABOKLIN | Hygiene - Auch f\u00fcr Tier\u00e4rzte ein relevantes Thema\" rel=\"noopener\"><span>LABOKLIN | Hygiene &#8211; Auch f\u00fcr Tier\u00e4rzte ein relevantes Thema<\/span><\/a>[vc_separator color=&#8220;custom&#8220; align=&#8220;align_left&#8220; el_width=&#8220;80&#8243; accent_color=&#8220;#e51e1e&#8220; css=&#8220;.vc_custom_1667814746487{margin-top: 10px !important;margin-bottom: 20px !important;}&#8220;][vc_column_text]<\/p>\n<h3>Der Tier\u00e4rztliche Bezirksverband Unterfranken l\u00e4dt zur Hybrid-Fortbildungsveranstaltung \u201eNeuweltkamele\u201c ein<\/h3>\n<p style=\"padding-left: 40px;\"><strong>Wann?<\/strong> Mittwoch, den 27.03.2024, 14.00 Uhr<br \/>\n<strong>Wo?<\/strong> Bad Kissingen, Seminarraum LABOKLIN GmbH &amp; Co. KG ODER Online<br \/>\n<strong>Was?<\/strong> Alle Infos zu Programm und Anmeldung finden Sie hier:<\/p>\n<p>[\/vc_column_text]<style type=\"text\/css\" data-type=\"the7_shortcodes-inline-css\">#default-btn-5d9f5f0a19e44e5497dd571199e0ac25.ico-right-side > i {\n  margin-right: 0px;\n  margin-left: 8px;\n}\n#default-btn-5d9f5f0a19e44e5497dd571199e0ac25 > i {\n  margin-right: 8px;\n}<\/style><a href=\"https:\/\/tbvunterfranken.de\/fortbildung\/\" class=\"default-btn-shortcode dt-btn dt-btn-m link-hover-off btn-inline-left  vc_custom_1707728391478\" target=\"_blank\" id=\"default-btn-5d9f5f0a19e44e5497dd571199e0ac25\" title=\"TBV Unterfranken\" rel=\"noopener\"><span>TBV Unterfranken<\/span><\/a>[vc_separator color=&#8220;custom&#8220; align=&#8220;align_left&#8220; el_width=&#8220;80&#8243; accent_color=&#8220;#e51e1e&#8220; css=&#8220;.vc_custom_1667814746487{margin-top: 10px !important;margin-bottom: 20px !important;}&#8220;][\/vc_column][\/vc_row]<\/p>\n<\/div>","protected":false},"excerpt":{"rendered":"<p>+ Gefl\u00fcgelpest \u2013 Paradigmenwechsel in der Bek\u00e4mpfung<br \/>\n+ Und t\u00e4glich gr\u00fc\u00dft die Salmonelle<br \/>\n+ Non-Core-Vakzine: Impfen oder nicht impfen? <br \/>\n+ Bundestierschutzbeauftragte: Gespr\u00e4ch zur Lage der Tierheime<br \/>\n+ Seminar Labordiagnostik Kleins\u00e4uger \u2013 Befundinterpretation leicht gemacht<br \/>\n+ Hygienekontrolle leicht gemacht \u2026<br \/>\n+ TBV Unterfranken &#8211; Hybrid-Fortbildungsveranstaltung \u201eNeuweltkamele\u201c <\/p>\n","protected":false},"author":1,"featured_media":1461840,"comment_status":"closed","ping_status":"closed","sticky":false,"template":"","format":"standard","meta":{"_seopress_robots_primary_cat":"none","_seopress_titles_title":"","_seopress_titles_desc":"","_seopress_robots_index":"","footnotes":""},"categories":[246],"tags":[],"class_list":["post-1462380","post","type-post","status-publish","format-standard","has-post-thumbnail","hentry","category-sonder-news-de-at","category-246","description-off"],"_links":{"self":[{"href":"https:\/\/laboklin.de\/de-at\/wp-json\/wp\/v2\/posts\/1462380","targetHints":{"allow":["GET"]}}],"collection":[{"href":"https:\/\/laboklin.de\/de-at\/wp-json\/wp\/v2\/posts"}],"about":[{"href":"https:\/\/laboklin.de\/de-at\/wp-json\/wp\/v2\/types\/post"}],"author":[{"embeddable":true,"href":"https:\/\/laboklin.de\/de-at\/wp-json\/wp\/v2\/users\/1"}],"replies":[{"embeddable":true,"href":"https:\/\/laboklin.de\/de-at\/wp-json\/wp\/v2\/comments?post=1462380"}],"version-history":[{"count":1,"href":"https:\/\/laboklin.de\/de-at\/wp-json\/wp\/v2\/posts\/1462380\/revisions"}],"predecessor-version":[{"id":1470259,"href":"https:\/\/laboklin.de\/de-at\/wp-json\/wp\/v2\/posts\/1462380\/revisions\/1470259"}],"wp:featuredmedia":[{"embeddable":true,"href":"https:\/\/laboklin.de\/de-at\/wp-json\/wp\/v2\/media\/1461840"}],"wp:attachment":[{"href":"https:\/\/laboklin.de\/de-at\/wp-json\/wp\/v2\/media?parent=1462380"}],"wp:term":[{"taxonomy":"category","embeddable":true,"href":"https:\/\/laboklin.de\/de-at\/wp-json\/wp\/v2\/categories?post=1462380"},{"taxonomy":"post_tag","embeddable":true,"href":"https:\/\/laboklin.de\/de-at\/wp-json\/wp\/v2\/tags?post=1462380"}],"curies":[{"name":"wp","href":"https:\/\/api.w.org\/{rel}","templated":true}]}}