{"id":1449803,"date":"2023-09-29T15:32:33","date_gmt":"2023-09-29T13:32:33","guid":{"rendered":"https:\/\/laboklin.de\/fuer-sie-gelesen-39-kw-2023\/"},"modified":"2024-04-15T10:57:00","modified_gmt":"2024-04-15T08:57:00","slug":"fuer-sie-gelesen-39-kw-2023","status":"publish","type":"post","link":"https:\/\/laboklin.de\/de-at\/fuer-sie-gelesen-39-kw-2023\/","title":{"rendered":"39. KW 2023"},"content":{"rendered":"<div class=\"wpb-content-wrapper\"><p>[vc_row][vc_column][vc_column_text]<\/p>\n<h3>Blauzungenkrankheit auf dem Vormarsch<\/h3>\n<p>Nebenan in den Niederladen steigen die Fallzahlen der Blauzungenkrankheit besonders bei Schafen. Das hat auch Konsequenzen f\u00fcr deutsche Betriebe, denn der Status \u201efrei von BTV\u201c wurde derzeit ausgesetzt:[\/vc_column_text]<style type=\"text\/css\" data-type=\"the7_shortcodes-inline-css\">#default-btn-1205c30a33aaab75d2cee0dfd9fb3759.ico-right-side > i {\n  margin-right: 0px;\n  margin-left: 8px;\n}\n#default-btn-1205c30a33aaab75d2cee0dfd9fb3759 > i {\n  margin-right: 8px;\n}<\/style><a href=\"https:\/\/www.fli.de\/de\/aktuelles\/kurznachrichten\/neues-einzelansicht\/ausbruch-der-blauzungenkrankheit-vom-serotyp-3-in-den-niederlanden-faelle-auch-in-deutschland-moeglich\/\" class=\"default-btn-shortcode dt-btn dt-btn-m link-hover-off btn-inline-left  vc_custom_1695987314967\" target=\"_blank\" id=\"default-btn-1205c30a33aaab75d2cee0dfd9fb3759\" title=\"FLI | Ausbruch der Blauzungenkrankheit vom Serotyp 3 in den Niederlanden\" rel=\"noopener\"><span>FLI | Ausbruch der Blauzungenkrankheit vom Serotyp 3 in den Niederlanden<\/span><\/a>[vc_column_text]Wir bei <span style=\"color: #ff0000;\"><strong>Laboklin<\/strong><\/span> k\u00f6nnen das Virus mittels realtime <strong>PCR direkt<\/strong> nachweisen![\/vc_column_text][vc_separator color=&#8220;custom&#8220; align=&#8220;align_left&#8220; el_width=&#8220;80&#8243; accent_color=&#8220;#e51e1e&#8220; css=&#8220;.vc_custom_1667814746487{margin-top: 10px !important;margin-bottom: 20px !important;}&#8220;][vc_column_text]<\/p>\n<h3>Staupe in Niedersachsen nachgewiesen \u2013 F\u00fcchse als \u00dcbertr\u00e4ger<\/h3>\n<p>In einem Landkreis in Niedersachsen wurde das Staupevirus bei verendeten F\u00fcchsen nachgewiesen. Die Beh\u00f6rden warnen vor einer m\u00f6glichen Ansteckung von Hunden:[\/vc_column_text]<style type=\"text\/css\" data-type=\"the7_shortcodes-inline-css\">#default-btn-8158af39cc2af4518a74b7357c451a42.ico-right-side > i {\n  margin-right: 0px;\n  margin-left: 8px;\n}\n#default-btn-8158af39cc2af4518a74b7357c451a42 > i {\n  margin-right: 8px;\n}<\/style><a href=\"https:\/\/www.luechow-dannenberg.de\/desktopdefault.aspx\/tabid-161\/173_read-13088\/\" class=\"default-btn-shortcode dt-btn dt-btn-m link-hover-off btn-inline-left  vc_custom_1695987450967\" target=\"_blank\" id=\"default-btn-8158af39cc2af4518a74b7357c451a42\" title=\"Landkreis |  M\u00f6gliche Staupegefahr f\u00fcr Hunde \u2013 F\u00fcchse als \u00dcbertr\u00e4ger\" rel=\"noopener\"><span>Landkreis | M\u00f6gliche Staupegefahr f\u00fcr Hunde \u2013 F\u00fcchse als \u00dcbertr\u00e4ger<\/span><\/a>[vc_column_text]Auch hier helfen wir bei der Diagnose: Wir bieten die <strong>qualitative und quantitative Staupevirus-PCR<\/strong> und den Staupevirus-Antik\u00f6rpernachweis an![\/vc_column_text][vc_separator color=&#8220;custom&#8220; align=&#8220;align_left&#8220; el_width=&#8220;80&#8243; accent_color=&#8220;#e51e1e&#8220; css=&#8220;.vc_custom_1667814746487{margin-top: 10px !important;margin-bottom: 20px !important;}&#8220;][vc_column_text]<\/p>\n<h3>Erfreuliches von der Resistenz-Risiko-Front<\/h3>\n<p>Antibiotika in der Tiermedizin \u2013 wir Tier\u00e4rzte k\u00f6nnen uns auf die Schulter klopfen, die Abgabemengen von Antibiotika gehen erneut weiter zur\u00fcck. Ein Bericht vom Bundesamt f\u00fcr Verbraucherschutz und Lebensmittelsicherheit:[\/vc_column_text]<style type=\"text\/css\" data-type=\"the7_shortcodes-inline-css\">#default-btn-0a9cb899add9b03c7c5409a611bde529.ico-right-side > i {\n  margin-right: 0px;\n  margin-left: 8px;\n}\n#default-btn-0a9cb899add9b03c7c5409a611bde529 > i {\n  margin-right: 8px;\n}<\/style><a href=\"https:\/\/www.bvl.bund.de\/SharedDocs\/Pressemitteilungen\/05_tierarzneimittel\/2023\/2023_PM_Abgabemengen_Antibiotika_Tiermedizin.html\" class=\"default-btn-shortcode dt-btn dt-btn-m link-hover-off btn-inline-left  vc_custom_1695983102646\" target=\"_blank\" id=\"default-btn-0a9cb899add9b03c7c5409a611bde529\" title=\"bvl.bund.de | Abgabemengen von Antibiotika in Tiermedizin gehen weiter zur\u00fcck\" rel=\"noopener\"><span>bvl.bund.de | Abgabemengen von Antibiotika in Tiermedizin gehen weiter zur\u00fcck<\/span><\/a>[vc_separator color=&#8220;custom&#8220; align=&#8220;align_left&#8220; el_width=&#8220;80&#8243; accent_color=&#8220;#e51e1e&#8220; css=&#8220;.vc_custom_1667814746487{margin-top: 10px !important;margin-bottom: 20px !important;}&#8220;][vc_column_text]<\/p>\n<h3>Erster West-Nil-Virus-Nachweis in Rheinland-Pfalz<\/h3>\n<p>Bisher wurde der Zoonoseerreger eher in Ostdeutschland nachgewiesen. Nun war eine Schnee-Eule s\u00fcdwestlich betroffen. Die StIKO Vet empfiehlt eine Impfung von Pferden in betroffenen und angrenzenden Regionen:[\/vc_column_text]<style type=\"text\/css\" data-type=\"the7_shortcodes-inline-css\">#default-btn-30ad0517674586de0be8c9481f2ea6f6.ico-right-side > i {\n  margin-right: 0px;\n  margin-left: 8px;\n}\n#default-btn-30ad0517674586de0be8c9481f2ea6f6 > i {\n  margin-right: 8px;\n}<\/style><a href=\"https:\/\/lua.rlp.de\/de\/presse\/detail\/news\/News\/detail\/stechmuecken-uebertragen-west-nil-virus-auch-in-rheinland-pfalz\/\" class=\"default-btn-shortcode dt-btn dt-btn-m link-hover-off btn-inline-left  vc_custom_1695992834404\" target=\"_blank\" id=\"default-btn-30ad0517674586de0be8c9481f2ea6f6\" title=\"Landesuntersuchungsamt |  Stechm\u00fccken \u00fcbertragen West-Nil-Virus...\" rel=\"noopener\"><span>Landesuntersuchungsamt | Stechm\u00fccken \u00fcbertragen West-Nil-Virus&#8230;<\/span><\/a>[vc_column_text]Klar, auch hier bekommen Sie von uns Unterst\u00fctzung! Wir weisen <strong>IgG und IgM<\/strong>-Antik\u00f6rper sowie den Erreger direkt mittels PCR nach.[\/vc_column_text][vc_separator color=&#8220;custom&#8220; align=&#8220;align_left&#8220; el_width=&#8220;80&#8243; accent_color=&#8220;#e51e1e&#8220; css=&#8220;.vc_custom_1667814746487{margin-top: 10px !important;margin-bottom: 20px !important;}&#8220;][vc_column_text]<\/p>\n<h3>Wir haben auch gute Nachrichten: Tollwut weiter r\u00fcckl\u00e4ufig<\/h3>\n<p>Seit 2021 ist die Tollwutimpfung nun schon keine Core-Impfung mehr. Und das hat offenbar nicht geschadet. Einzelheiten finden Sie hier:[\/vc_column_text]<style type=\"text\/css\" data-type=\"the7_shortcodes-inline-css\">#default-btn-83d1a18a011b6331631c7f30c62c49c6.ico-right-side > i {\n  margin-right: 0px;\n  margin-left: 8px;\n}\n#default-btn-83d1a18a011b6331631c7f30c62c49c6 > i {\n  margin-right: 8px;\n}<\/style><a href=\"https:\/\/stiko-vet.fli.de\/de\/aktuelles\/einzelansicht\/tollwut-weiterhin-auf-dem-rueckzug\/\" class=\"default-btn-shortcode dt-btn dt-btn-m link-hover-off btn-inline-left  vc_custom_1695994028948\" target=\"_blank\" id=\"default-btn-83d1a18a011b6331631c7f30c62c49c6\" title=\"StIKo Vet | Tollwut weiterhin auf dem R\u00fcckzug\" rel=\"noopener\"><span>StIKo Vet | Tollwut weiterhin auf dem R\u00fcckzug<\/span><\/a>[vc_column_text]<strong>Sie brauchen eine Impftiterkontrolle?<\/strong> Diese k\u00f6nnen Sie ebenfalls unkompliziert bei uns anfordern.[\/vc_column_text][vc_separator color=&#8220;custom&#8220; align=&#8220;align_left&#8220; el_width=&#8220;80&#8243; accent_color=&#8220;#e51e1e&#8220; css=&#8220;.vc_custom_1667814746487{margin-top: 10px !important;margin-bottom: 20px !important;}&#8220;][vc_column_text]<\/p>\n<h4><strong><span style=\"color: #000000;\">Von Experten \u2013 f\u00fcr Experten<\/span><\/strong><\/h4>\n<h3>Weiterer Zertifikatslehrgang f\u00fcr TFAs \u2013 Thema Harn<\/h3>\n<p>Der Zertifikatslehrgang geht im November in die n\u00e4chste Runde. Dieses Mal werden der Harnapparat und die Harnuntersuchung von allen Seiten beleuchtet und Sie bekommen 1a weitergebildete TFAs zur\u00fcck. Weitere Informationen zu den Lehrg\u00e4ngen und die Anmeldung finden Sie hier:[\/vc_column_text]<style type=\"text\/css\" data-type=\"the7_shortcodes-inline-css\">#default-btn-b62816f041b9fa5faaf9d86eb1441d98.ico-right-side > i {\n  margin-right: 0px;\n  margin-left: 8px;\n}\n#default-btn-b62816f041b9fa5faaf9d86eb1441d98 > i {\n  margin-right: 8px;\n}<\/style><a href=\"https:\/\/app.seminarmanagercloud.de\/laboklin-gmbh-cokg\/buchungsportal\/tfa-zertifikatslehrgang-modul-3-harn-mehr-informationen-als-man-denkt-92e141a66ea64b7b9b1241433144a911\" class=\"default-btn-shortcode dt-btn dt-btn-m link-hover-off btn-inline-left  vc_custom_1695994227183\" target=\"_blank\" id=\"default-btn-b62816f041b9fa5faaf9d86eb1441d98\" title=\"TFA.LABOKLIN  |   TFA Zertifikatslehrgang Modul 3\" rel=\"noopener\"><span>TFA.LABOKLIN | TFA Zertifikatslehrgang Modul 3<\/span><\/a>[vc_column_text]<\/p>\n<h3>Und ein Bonbon f\u00fcr die Chefetage: Radolfzeller Kolloquium<\/h3>\n<p>Am sch\u00f6nen Bodensee begr\u00fc\u00dfen wir Sie zu einem besonders praxisnahen Seminar zum Thema Diabetes mellitus. \u201eZuckers\u00fc\u00dfe Erfolgsgeschichten \u2013 wie der Diabetes mellitus seinen Schrecken verliert\u201c h\u00e4lt, was es verspricht. Das Bonbon: Es wird eine \u00dcbung zum Setzen eines kontinuierlichen Glucose-Monitoring-Systems am Modell geben. N\u00e4chste Woche ist es soweit! Weitere Informationen unter:[\/vc_column_text]<style type=\"text\/css\" data-type=\"the7_shortcodes-inline-css\">#default-btn-3db121a580d42dc72f59af5088ec6913.ico-right-side > i {\n  margin-right: 0px;\n  margin-left: 8px;\n}\n#default-btn-3db121a580d42dc72f59af5088ec6913 > i {\n  margin-right: 8px;\n}<\/style><a href=\"https:\/\/app.seminarmanagercloud.de\/laboklin-gmbh-cokg\/buchungsportal\/radolfzeller-kolloquium-2023-diabetes-mellitus-59af27c4186c481793413ab1dab5190c\" class=\"default-btn-shortcode dt-btn dt-btn-m link-hover-off btn-inline-left  vc_custom_1695994292249\" target=\"_blank\" id=\"default-btn-3db121a580d42dc72f59af5088ec6913\" title=\"LABOKLIN Akademie  |  Radolfzeller Kolloquium 2023 - Diabetes mellitus\" rel=\"noopener\"><span>LABOKLIN Akademie | Radolfzeller Kolloquium 2023 &#8211; Diabetes mellitus<\/span><\/a>[vc_separator color=&#8220;custom&#8220; align=&#8220;align_left&#8220; el_width=&#8220;80&#8243; accent_color=&#8220;#e51e1e&#8220; css=&#8220;.vc_custom_1667814746487{margin-top: 10px !important;margin-bottom: 20px !important;}&#8220;][\/vc_column][\/vc_row]<\/p>\n<\/div>","protected":false},"excerpt":{"rendered":"<p>+ Blauzungenkrankheit auf dem Vormarsch<br \/>\n+ Staupe in Niedersachsen nachgewiesen \u2013 F\u00fcchse als \u00dcbertr\u00e4ger<br \/>\n+ Erster West-Nil-Virus-Nachweis in Rheinland-Pfalz<br \/>\n+ Wir haben auch gute Nachrichten: Tollwut weiter r\u00fcckl\u00e4ufig<br \/>\n+ Weiterer Zertifikatslehrgang f\u00fcr TFAs \u2013 Thema Harn<br \/>\n+ Und ein Bonbon f\u00fcr die Chefetage: Radolfzeller Kolloquium<\/p>\n","protected":false},"author":1,"featured_media":1449692,"comment_status":"closed","ping_status":"closed","sticky":false,"template":"","format":"standard","meta":{"_seopress_robots_primary_cat":"none","_seopress_titles_title":"","_seopress_titles_desc":"","_seopress_robots_index":"","footnotes":""},"categories":[246],"tags":[],"class_list":["post-1449803","post","type-post","status-publish","format-standard","has-post-thumbnail","hentry","category-sonder-news-de-at","category-246","description-off"],"_links":{"self":[{"href":"https:\/\/laboklin.de\/de-at\/wp-json\/wp\/v2\/posts\/1449803","targetHints":{"allow":["GET"]}}],"collection":[{"href":"https:\/\/laboklin.de\/de-at\/wp-json\/wp\/v2\/posts"}],"about":[{"href":"https:\/\/laboklin.de\/de-at\/wp-json\/wp\/v2\/types\/post"}],"author":[{"embeddable":true,"href":"https:\/\/laboklin.de\/de-at\/wp-json\/wp\/v2\/users\/1"}],"replies":[{"embeddable":true,"href":"https:\/\/laboklin.de\/de-at\/wp-json\/wp\/v2\/comments?post=1449803"}],"version-history":[{"count":1,"href":"https:\/\/laboklin.de\/de-at\/wp-json\/wp\/v2\/posts\/1449803\/revisions"}],"predecessor-version":[{"id":1449809,"href":"https:\/\/laboklin.de\/de-at\/wp-json\/wp\/v2\/posts\/1449803\/revisions\/1449809"}],"wp:featuredmedia":[{"embeddable":true,"href":"https:\/\/laboklin.de\/de-at\/wp-json\/wp\/v2\/media\/1449692"}],"wp:attachment":[{"href":"https:\/\/laboklin.de\/de-at\/wp-json\/wp\/v2\/media?parent=1449803"}],"wp:term":[{"taxonomy":"category","embeddable":true,"href":"https:\/\/laboklin.de\/de-at\/wp-json\/wp\/v2\/categories?post=1449803"},{"taxonomy":"post_tag","embeddable":true,"href":"https:\/\/laboklin.de\/de-at\/wp-json\/wp\/v2\/tags?post=1449803"}],"curies":[{"name":"wp","href":"https:\/\/api.w.org\/{rel}","templated":true}]}}