{"id":1449792,"date":"2023-08-25T14:25:08","date_gmt":"2023-08-25T12:25:08","guid":{"rendered":"https:\/\/laboklin.de\/fuer-sie-gelesen-34-kw-2023\/"},"modified":"2024-04-15T10:58:04","modified_gmt":"2024-04-15T08:58:04","slug":"fuer-sie-gelesen-34-kw-2023","status":"publish","type":"post","link":"https:\/\/laboklin.de\/de-at\/fuer-sie-gelesen-34-kw-2023\/","title":{"rendered":"34. KW 2023"},"content":{"rendered":"<div class=\"wpb-content-wrapper\"><p>[vc_row][vc_column][vc_column_text]<\/p>\n<h3>Afrikanische Schweinepest \u2013 Zahl der Ausbr\u00fcche steigt weiter<\/h3>\n<p>Bis August 2023 wurden in Europa mehr Ausbr\u00fcche dokumentiert als im gesamten vergangenen Jahr. Weitere Informationen finden Sie hier:[\/vc_column_text]<style type=\"text\/css\" data-type=\"the7_shortcodes-inline-css\">#default-btn-8e474dcc10f0968950fd12386101cff3.ico-right-side > i {\n  margin-right: 0px;\n  margin-left: 8px;\n}\n#default-btn-8e474dcc10f0968950fd12386101cff3 > i {\n  margin-right: 8px;\n}<\/style><a href=\"https:\/\/www.agrarheute.com\/tier\/schwein\/asp-bereits-41-wildschweinen-schweden-infiziert-536254\" class=\"default-btn-shortcode dt-btn dt-btn-m link-hover-off btn-inline-left  vc_custom_1695982740599\" target=\"_blank\" id=\"default-btn-8e474dcc10f0968950fd12386101cff3\" title=\"agrarheute | ASP: Jetzt schon mehr Ausbr\u00fcche in Europa als 2022\" rel=\"noopener\"><span>agrarheute | ASP: Jetzt schon mehr Ausbr\u00fcche in Europa als 2022<\/span><\/a>[vc_column_text]<strong>ABER:<\/strong> Das entscheidende Gen f\u00fcr die Infektion wurde gefunden! Hoffnung?[\/vc_column_text]<style type=\"text\/css\" data-type=\"the7_shortcodes-inline-css\">#default-btn-4f581f870b49df92b6753d828921db8a.ico-right-side > i {\n  margin-right: 0px;\n  margin-left: 8px;\n}\n#default-btn-4f581f870b49df92b6753d828921db8a > i {\n  margin-right: 8px;\n}<\/style><a href=\"https:\/\/www.fli.de\/de\/aktuelles\/kurznachrichten\/neues-einzelansicht\/entscheidendes-gen-fuer-die-infektion-mit-afrikanischer-schweinepest-gefunden\/\" class=\"default-btn-shortcode dt-btn dt-btn-m link-hover-off btn-inline-left  vc_custom_1695982829968\" target=\"_blank\" id=\"default-btn-4f581f870b49df92b6753d828921db8a\" title=\"FLI | Entscheidendes Gen f\u00fcr die Infektion mit Afrikanischer Schweinepest gefunden\" rel=\"noopener\"><span>FLI | Entscheidendes Gen f\u00fcr die Infektion mit Afrikanischer Schweinepest gefunden<\/span><\/a>[vc_separator color=&#8220;custom&#8220; align=&#8220;align_left&#8220; el_width=&#8220;80&#8243; accent_color=&#8220;#e51e1e&#8220; css=&#8220;.vc_custom_1667814746487{margin-top: 10px !important;margin-bottom: 20px !important;}&#8220;][vc_column_text]<\/p>\n<h3>Blutbestandteile mit Anti-Aging-Wirkung?<\/h3>\n<p>Injiziert man alten M\u00e4usen ein Molek\u00fcl aus dem Blut junger M\u00e4use, so lassen sich altersbedingte Ver\u00e4nderungen im Gehirn zum Teil r\u00fcckg\u00e4ngig machen. Lesen Sie hier, was der Thrombozytenfaktor PF4 alles kann:[\/vc_column_text]<style type=\"text\/css\" data-type=\"the7_shortcodes-inline-css\">#default-btn-68737cd083e01902317289b971f034c8.ico-right-side > i {\n  margin-right: 0px;\n  margin-left: 8px;\n}\n#default-btn-68737cd083e01902317289b971f034c8 > i {\n  margin-right: 8px;\n}<\/style><a href=\"https:\/\/www.spektrum.de\/news\/anti-aging-blutfaktor-pf4-verjuengt-alterndes-maeusegehirn\/2170962\" class=\"default-btn-shortcode dt-btn dt-btn-m link-hover-off btn-inline-left  vc_custom_1695983021262\" target=\"_blank\" id=\"default-btn-68737cd083e01902317289b971f034c8\" title=\"spectrum |  Der Blutfaktor PF4 dreht die Zeit...\" rel=\"noopener\"><span>spectrum | Der Blutfaktor PF4 dreht die Zeit&#8230;<\/span><\/a>[vc_separator color=&#8220;custom&#8220; align=&#8220;align_left&#8220; el_width=&#8220;80&#8243; accent_color=&#8220;#e51e1e&#8220; css=&#8220;.vc_custom_1667814746487{margin-top: 10px !important;margin-bottom: 20px !important;}&#8220;][vc_column_text]<\/p>\n<h3>Erfreuliches von der Resistenz-Risiko-Front<\/h3>\n<p>Antibiotika in der Tiermedizin \u2013 wir Tier\u00e4rzte k\u00f6nnen uns auf die Schulter klopfen, die Abgabemengen von Antibiotika gehen erneut weiter zur\u00fcck. Ein Bericht vom Bundesamt f\u00fcr Verbraucherschutz und Lebensmittelsicherheit:[\/vc_column_text]<style type=\"text\/css\" data-type=\"the7_shortcodes-inline-css\">#default-btn-0a9cb899add9b03c7c5409a611bde529.ico-right-side > i {\n  margin-right: 0px;\n  margin-left: 8px;\n}\n#default-btn-0a9cb899add9b03c7c5409a611bde529 > i {\n  margin-right: 8px;\n}<\/style><a href=\"https:\/\/www.bvl.bund.de\/SharedDocs\/Pressemitteilungen\/05_tierarzneimittel\/2023\/2023_PM_Abgabemengen_Antibiotika_Tiermedizin.html\" class=\"default-btn-shortcode dt-btn dt-btn-m link-hover-off btn-inline-left  vc_custom_1695983102646\" target=\"_blank\" id=\"default-btn-0a9cb899add9b03c7c5409a611bde529\" title=\"bvl.bund.de | Abgabemengen von Antibiotika in Tiermedizin gehen weiter zur\u00fcck\" rel=\"noopener\"><span>bvl.bund.de | Abgabemengen von Antibiotika in Tiermedizin gehen weiter zur\u00fcck<\/span><\/a>[vc_separator color=&#8220;custom&#8220; align=&#8220;align_left&#8220; el_width=&#8220;80&#8243; accent_color=&#8220;#e51e1e&#8220; css=&#8220;.vc_custom_1667814746487{margin-top: 10px !important;margin-bottom: 20px !important;}&#8220;][vc_column_text]<\/p>\n<h4><strong><span style=\"color: #000000;\">Von Experten \u2013 f\u00fcr Experten<\/span><\/strong><\/h4>\n<h3>Sp\u00e4tsommer \u2013 ein Anstieg von Infektionen mit Babesien ist zu bef\u00fcrchten<\/h3>\n<p>Wie unsere Untersuchungen der letzten Jahre gezeigt haben, steigt die Anzahl der Infektionen mit Babesia spp. bei in Deutschland lebenden Hunden zu dieser Jahreszeit an. Denken Sie auch an die Babesiose als Differentialdiagnose bei Ihren Patienten. Informationen zu diesem und anderen vektor\u00fcbertragenen Erregern sowie aktuelle Literatur finden Sie auf:[\/vc_column_text]<style type=\"text\/css\" data-type=\"the7_shortcodes-inline-css\">#default-btn-9b01b9e0a4e196262aa53fc8e05214f6.ico-right-side > i {\n  margin-right: 0px;\n  margin-left: 8px;\n}\n#default-btn-9b01b9e0a4e196262aa53fc8e05214f6 > i {\n  margin-right: 8px;\n}<\/style><a href=\"https:\/\/vbd.laboklin.com\/\" class=\"default-btn-shortcode dt-btn dt-btn-m link-hover-off btn-inline-left  vc_custom_1695983276103\" target=\"_blank\" id=\"default-btn-9b01b9e0a4e196262aa53fc8e05214f6\" title=\"LABOKLIN  |  VBD\" rel=\"noopener\"><span>LABOKLIN | VBD<\/span><\/a>[vc_column_text]<\/p>\n<h3>Damit alles wieder in den Fluss kommt<\/h3>\n<p>Wenn die Niere Kummer macht, ist das oft frustrierend f\u00fcr alle Beteiligten. Wie Sie vielleicht doch noch einen Weg aus der Sackgasse finden, erl\u00e4utern die Expertinnen Dr. Jennifer von Luckner und Dr. Nicole Stieger beim Crashkurs zum Thema Niere, Zystozentese und Harnabsatzst\u00f6rung. Gewohnt praxisnah mit F\u00e4llen und mit praktischen \u00dcbungen zur Zystozentese am Modell f\u00fcr Pr\u00e4senzteilnehmer. Seien Sie am 13. September in Leipzig oder online dabei. N\u00e4here Informationen finden Sie wie gewohnt auf unserer Akademieseite:[\/vc_column_text]<style type=\"text\/css\" data-type=\"the7_shortcodes-inline-css\">#default-btn-87827a4bd145b9aeeffa00e324908637.ico-right-side > i {\n  margin-right: 0px;\n  margin-left: 8px;\n}\n#default-btn-87827a4bd145b9aeeffa00e324908637 > i {\n  margin-right: 8px;\n}<\/style><a href=\"https:\/\/app.seminarmanagercloud.de\/laboklin-gmbh-cokg\/buchungsportal\/alles-im-fluss-nierenversagen-zystozentese-und-harnabsatzstorung-im-schnelldurchgang-leipzig-13b7a21796584361b3fd131f1389c524\" class=\"default-btn-shortcode dt-btn dt-btn-m link-hover-off btn-inline-left  vc_custom_1695983362381\" target=\"_blank\" id=\"default-btn-87827a4bd145b9aeeffa00e324908637\" title=\"LABOKLIN Akademie  |  Alles im Fluss!\" rel=\"noopener\"><span>LABOKLIN Akademie | Alles im Fluss!<\/span><\/a>[vc_separator color=&#8220;custom&#8220; align=&#8220;align_left&#8220; el_width=&#8220;80&#8243; accent_color=&#8220;#e51e1e&#8220; css=&#8220;.vc_custom_1667814746487{margin-top: 10px !important;margin-bottom: 20px !important;}&#8220;][\/vc_column][\/vc_row]<\/p>\n<\/div>","protected":false},"excerpt":{"rendered":"<p>+ Afrikanische Schweinepest \u2013 Zahl der Ausbr\u00fcche steigt weiter<br \/>\n+ Blutbestandteile mit Anti-Aging-Wirkung?<br \/>\n+ Erfreuliches von der Resistenz-Risiko-Front<br \/>\n+ Sp\u00e4tsommer \u2013 ein Anstieg von Infektionen mit Babesien ist zu bef\u00fcrchten<br \/>\n+ Damit alles wieder in den Fluss kommt<\/p>\n","protected":false},"author":1,"featured_media":1449760,"comment_status":"closed","ping_status":"closed","sticky":false,"template":"","format":"standard","meta":{"_seopress_robots_primary_cat":"none","_seopress_titles_title":"","_seopress_titles_desc":"","_seopress_robots_index":"","footnotes":""},"categories":[246],"tags":[],"class_list":["post-1449792","post","type-post","status-publish","format-standard","has-post-thumbnail","hentry","category-sonder-news-de-at","category-246","description-off"],"_links":{"self":[{"href":"https:\/\/laboklin.de\/de-at\/wp-json\/wp\/v2\/posts\/1449792","targetHints":{"allow":["GET"]}}],"collection":[{"href":"https:\/\/laboklin.de\/de-at\/wp-json\/wp\/v2\/posts"}],"about":[{"href":"https:\/\/laboklin.de\/de-at\/wp-json\/wp\/v2\/types\/post"}],"author":[{"embeddable":true,"href":"https:\/\/laboklin.de\/de-at\/wp-json\/wp\/v2\/users\/1"}],"replies":[{"embeddable":true,"href":"https:\/\/laboklin.de\/de-at\/wp-json\/wp\/v2\/comments?post=1449792"}],"version-history":[{"count":1,"href":"https:\/\/laboklin.de\/de-at\/wp-json\/wp\/v2\/posts\/1449792\/revisions"}],"predecessor-version":[{"id":1449801,"href":"https:\/\/laboklin.de\/de-at\/wp-json\/wp\/v2\/posts\/1449792\/revisions\/1449801"}],"wp:featuredmedia":[{"embeddable":true,"href":"https:\/\/laboklin.de\/de-at\/wp-json\/wp\/v2\/media\/1449760"}],"wp:attachment":[{"href":"https:\/\/laboklin.de\/de-at\/wp-json\/wp\/v2\/media?parent=1449792"}],"wp:term":[{"taxonomy":"category","embeddable":true,"href":"https:\/\/laboklin.de\/de-at\/wp-json\/wp\/v2\/categories?post=1449792"},{"taxonomy":"post_tag","embeddable":true,"href":"https:\/\/laboklin.de\/de-at\/wp-json\/wp\/v2\/tags?post=1449792"}],"curies":[{"name":"wp","href":"https:\/\/api.w.org\/{rel}","templated":true}]}}