{"id":1337022,"date":"2021-09-23T16:57:07","date_gmt":"2021-09-23T14:57:07","guid":{"rendered":"https:\/\/laboklin.de\/allergisch-bedingte-atemwegssymptomatik-beim-pferd\/"},"modified":"2024-11-21T11:44:05","modified_gmt":"2024-11-21T10:44:05","slug":"allergisch-bedingte-atemwegssymptomatik-beim-pferd","status":"publish","type":"post","link":"https:\/\/laboklin.de\/de-at\/allergisch-bedingte-atemwegssymptomatik-beim-pferd\/","title":{"rendered":"Allergisch bedingte Atemwegssymptomatik beim Pferd"},"content":{"rendered":"<div class=\"wpb-content-wrapper\"><p>[vc_row][vc_column width=&#8220;2\/3&#8243;][vc_column_text css=&#8220;&#8220;]K\u00fcrzlich wurde die Nomenklatur der equinen Atemwegserkrankungen \u00fcberarbeitet.<br \/>\nDie RAO (recurrent airway obstruction; fr\u00fcher: COPD, chronic obstructive pulmonary disease genannt), die IAD (inflammatory airway disease) und SPAOPD (summer pasture-associated obstructive pulmonary disease) werden nun als \u201eequines Asthma (Syndrom)\u201c bezeichnet (Bond et al., 2018). Es ist eine Lungenerkrankung bei Pferden mit \u2013 \u00e4hnlich manchen Formen des menschlichen Asthmas \u2013 charakteristischen Merkmalen der Atemwegs\u00fcberempfindlichkeit. Equines Asthma geht mit bronchoalveol\u00e4rer neutrophiler Entz\u00fcndung, Bronchospasmus und exzessiver Mukussekretion einher und ist ein ideales Modell, um humanes Asthma zu erforschen.<\/p>\n<p><strong>IAD:<\/strong> gering- bis mittelgradige Erkrankung im Rahmen des equinen Asthma Syndroms, reversibel und mit besserer Prognose!<\/p>\n<p><strong>RAO:<\/strong> die gleiche Erkrankung wie COBD, aber weniger genau definiert und eher im englischen Sprachraum verbreitet.<\/p>\n<p>Der alte Begriff \u201eCOPD\u201c wird nicht mehr verwendet, da er aus der Humanmedizin stammt und eine andere Pathogenese (Rauchen und Schadgase) aufweist.<\/p>\n<p>Es wird vorgeschlagen, die anderen Unterbegriffe nicht mehr zu verwenden, sondern stattdessen mildes bis moderates und hochgradiges equines Asthma einzusetzen.<\/p>\n<p>Eine Inzidenz von &gt; 14 % in der Pferdepopulation wird beschrieben. Die klinische Symptomatik wird durch eine allergische Reaktion auf verschiedenste Allergene ausgel\u00f6st wie z.B. Schimmelpilzsporen im Heu- und Strohstaub, aber auch andere Allergene wie Pollen, Hausstaub- und Vorratsmilben aus dem Stallstaub sowie aus Futtermitteln. Je nach Vorliegen der Allergene kann die Erkrankung saisonal oder ganzj\u00e4hrig auftreten. H\u00e4ufig sind \u00e4ltere Pferde (&gt; 6 Jahre) betroffen, die das ganze Jahr \u00fcber aufgestallt sind, wobei u.a. Stallklima, Einstreumaterial oder Art der F\u00fctterung als die Allergie unterst\u00fctzende Faktoren angesehen werden. Vor allem im Winter ist die Stallluft oft derart hochgradig mit Schimmelpilzsporen belastet, dass Allergien der Atmungsorgane in dieser Jahreszeit besonders h\u00e4ufig vorkommen. In seltenen F\u00e4llen \u2013 besonders bei Tieren mit Weidehaltung \u2013 tritt das equine Asthma ausschlie\u00dflich saisonal auf. Dieses Problem wird dann als SPAOPD (summer pasture-associated obstructive pulmonary disease) bezeichnet, deren Ursache in einer Pollenallergie liegt.<\/p>\n<p>Die unheilbare Natur des equinen Asthmas f\u00fchrt h\u00e4ufig zur Euthanasie der betroffenen Pferde oder zu einer vorzeitigen Pensionierung. Eine gezielte Allergenvermeidung stellt unumstritten die beste Therapie beim allergischen Geschehen dar. In einer Studie konnte die Lungenfunktion bereits 3 Tage nach Etablierung eines Umweltmanagements der betroffenen Tiere verbessert werden. Eine erfolgreiche \u00c4nderung der Haltungsbedingungen ist jedoch in vielen F\u00e4llen aus den unterschiedlichsten Gr\u00fcnden nicht konsequent durchf\u00fchrbar.<\/p>\n<p>In einer Studie wurde der Zusammenhang zwischen RAO und IBH (insect bite hypersensititvity, Sommerekzem) untersucht. Die Forscher konnten feststellen, dass RAO-Pferde ein erh\u00f6htes Risiko haben, auch an IBH zu erkranken.<\/p>\n<h2>Diagnose<\/h2>\n<p>F\u00fcr die exakte Diagnosestellung wird eine sehr ausf\u00fchrliche Anamnese erhoben und das Pferd klinisch untersucht. Dies f\u00fchrt zu einer Liste von Differentialdiagnosen, welche mit Hilfe verschiedener diagnostischer Tests erh\u00e4rtet oder ausgeschlossen werden. Die bronchoalveol\u00e4re Lavage liefert einen wertvollen Beitrag bei der Diagnostik respiratorischer Erkrankungen, detaillierte Informationen dazu entnehmen Sie bitte dem Artikel: Christian M. Zytologie bei Atemwegsproblemen \u2013 Indikation, optimiertes Probenhandling und Aussagekraft der Befunde. Pferdespiegel 2021; 24: 1-4. Die endg\u00fcltige Diagnose der Allergien und vor allem der ausl\u00f6senden Allergene stellt die Voraussetzung f\u00fcr eine Erfolg versprechende Therapie mit dauerhafter Wirkung dar.<\/p>\n<p>Mit serologischen Allergietests wird der allergenspezifische IgE-Titer gegen ein bestimmtes Allergen im Blut bestimmt. Eine typische allergische Reaktion auf h\u00e4ufige Umweltallergene (Pollen, Hausstaub-, Vorratsmilben, Schimmelpilze usw.) ist durch die \u00dcberproduktion von IgE gekennzeichnet. In einer Studie konnte ein direkter Zusammenhang zwischen signifikant erh\u00f6htem IgE-Spiegel als Reaktion auf die Milbenallergene bei RAO-Pferden im Gegensatz zu gesunden Pferden festgestellt werden.<\/p>\n<p>Vor der Blutabnahme m\u00fcssen jedoch Absetzfristen von Medikamenten (besonders Kortison, auch z.B. in Salbenform und inhalativ) beachtet werden.[\/vc_column_text][\/vc_column][vc_column width=&#8220;1\/3&#8243;][vc_column_text css=&#8220;&#8220;]<\/p>\n\n\t\t\t<style type='text\/css'>\n\t\t\t\t#gallery-1 {\n\t\t\t\t\tmargin: auto;\n\t\t\t\t}\n\t\t\t\t#gallery-1 .gallery-item {\n\t\t\t\t\tfloat: left;\n\t\t\t\t\tmargin-top: 10px;\n\t\t\t\t\ttext-align: center;\n\t\t\t\t\twidth: 100%;\n\t\t\t\t}\n\t\t\t\t#gallery-1 img {\n\t\t\t\t\tborder: 2px solid #cfcfcf;\n\t\t\t\t}\n\t\t\t\t#gallery-1 .gallery-caption {\n\t\t\t\t\tmargin-left: 0;\n\t\t\t\t}\n\t\t\t\t\/* see gallery_shortcode() in wp-includes\/media.php *\/\n\t\t\t<\/style>\n\t\t<div id='gallery-1' class='dt-gallery-container gallery galleryid-1337022 gallery-columns-1 gallery-size-large'><dl class='gallery-item'>\n\t\t\t\t<dt class='gallery-icon landscape'>\n\t\t\t\t\t<a class=\"rollover rollover-zoom dt-pswp-item\" title=\"\" data-dt-img-description=\"LABOKLIN aktuell Pferd | &lt;b&gt;Abb. 1:&lt;\/b&gt; Hustendes Pferd &lt;br&gt;&lt;i&gt;Bildquelle: Maite Bolumburu&lt;\/i&gt;\" data-large_image_width=\"1000\" data-large_image_height=\"1000\"href='https:\/\/laboklin.de\/wp-content\/uploads\/2021\/09\/Hustendes-Pferd_Bildquelle_Maite-Bolumburu.jpg'><img loading=\"lazy\" decoding=\"async\" width=\"1000\" height=\"1000\" src=\"https:\/\/laboklin.de\/wp-content\/uploads\/2021\/09\/Hustendes-Pferd_Bildquelle_Maite-Bolumburu.jpg\" class=\"attachment-large size-large\" alt=\"Laboklin: Hustendes Pferd\" aria-describedby=\"gallery-1-1325266\" srcset=\"https:\/\/laboklin.de\/wp-content\/uploads\/2021\/09\/Hustendes-Pferd_Bildquelle_Maite-Bolumburu.jpg 1000w, https:\/\/laboklin.de\/wp-content\/uploads\/2021\/09\/Hustendes-Pferd_Bildquelle_Maite-Bolumburu-300x300.jpg 300w, https:\/\/laboklin.de\/wp-content\/uploads\/2021\/09\/Hustendes-Pferd_Bildquelle_Maite-Bolumburu-150x150.jpg 150w, https:\/\/laboklin.de\/wp-content\/uploads\/2021\/09\/Hustendes-Pferd_Bildquelle_Maite-Bolumburu-768x768.jpg 768w\" sizes=\"auto, (max-width: 1000px) 100vw, 1000px\" \/><\/a>\n\t\t\t\t<\/dt>\n\t\t\t\t\t<dd class='wp-caption-text gallery-caption' id='gallery-1-1325266'>\n\t\t\t\t\t<b>Abb. 1:<\/b> Hustendes Pferd <br><i>Bildquelle: Maite Bolumburu<\/i>\n\t\t\t\t\t<\/dd><\/dl><br style=\"clear: both\" \/><dl class='gallery-item'>\n\t\t\t\t<dt class='gallery-icon landscape'>\n\t\t\t\t\t<a class=\"rollover rollover-zoom dt-pswp-item\" title=\"\" data-dt-img-description=\"LABOKLIN aktuell Pferd | &lt;b&gt;Abb. 2:&lt;\/b&gt; Pollen &lt;br&gt;&lt;i&gt;Bildquelle: Envato Elements&lt;\/i&gt;\" data-large_image_width=\"1200\" data-large_image_height=\"1007\"href='https:\/\/laboklin.de\/wp-content\/uploads\/2021\/09\/Pollen.jpg'><img loading=\"lazy\" decoding=\"async\" width=\"1024\" height=\"859\" src=\"https:\/\/laboklin.de\/wp-content\/uploads\/2021\/09\/Pollen-1024x859.jpg\" class=\"attachment-large size-large\" alt=\"Pollen\" aria-describedby=\"gallery-1-1494861\" srcset=\"https:\/\/laboklin.de\/wp-content\/uploads\/2021\/09\/Pollen-1024x859.jpg 1024w, https:\/\/laboklin.de\/wp-content\/uploads\/2021\/09\/Pollen-300x252.jpg 300w, https:\/\/laboklin.de\/wp-content\/uploads\/2021\/09\/Pollen-768x644.jpg 768w, https:\/\/laboklin.de\/wp-content\/uploads\/2021\/09\/Pollen.jpg 1200w\" sizes=\"auto, (max-width: 1024px) 100vw, 1024px\" \/><\/a>\n\t\t\t\t<\/dt>\n\t\t\t\t\t<dd class='wp-caption-text gallery-caption' id='gallery-1-1494861'>\n\t\t\t\t\t<b>Abb. 2:<\/b> Pollen <br><i>Bildquelle: Envato Elements<\/i>\n\t\t\t\t\t<\/dd><\/dl><br style=\"clear: both\" \/><dl class='gallery-item'>\n\t\t\t\t<dt class='gallery-icon landscape'>\n\t\t\t\t\t<a class=\"rollover rollover-zoom dt-pswp-item\" title=\"\" data-dt-img-description=\"LABOKLIN aktuell Pferd | &lt;b&gt;Abb. 3:&lt;\/b&gt; Mikroskopaufnahme einer Vorratsmilbe &lt;br&gt;&lt;i&gt;Bildquelle: Dr. Regina Wagner&lt;\/i&gt;\" data-large_image_width=\"1000\" data-large_image_height=\"1000\"href='https:\/\/laboklin.de\/wp-content\/uploads\/2021\/09\/Mikroskopaufnahme-einer-Vorratsmilbe.jpg'><img loading=\"lazy\" decoding=\"async\" width=\"1000\" height=\"1000\" src=\"https:\/\/laboklin.de\/wp-content\/uploads\/2021\/09\/Mikroskopaufnahme-einer-Vorratsmilbe.jpg\" class=\"attachment-large size-large\" alt=\"Laboklin: Mikroskopaufnahme einer Vorratsmilbe\" aria-describedby=\"gallery-1-1325268\" srcset=\"https:\/\/laboklin.de\/wp-content\/uploads\/2021\/09\/Mikroskopaufnahme-einer-Vorratsmilbe.jpg 1000w, https:\/\/laboklin.de\/wp-content\/uploads\/2021\/09\/Mikroskopaufnahme-einer-Vorratsmilbe-300x300.jpg 300w, https:\/\/laboklin.de\/wp-content\/uploads\/2021\/09\/Mikroskopaufnahme-einer-Vorratsmilbe-150x150.jpg 150w, https:\/\/laboklin.de\/wp-content\/uploads\/2021\/09\/Mikroskopaufnahme-einer-Vorratsmilbe-768x768.jpg 768w\" sizes=\"auto, (max-width: 1000px) 100vw, 1000px\" \/><\/a>\n\t\t\t\t<\/dt>\n\t\t\t\t\t<dd class='wp-caption-text gallery-caption' id='gallery-1-1325268'>\n\t\t\t\t\t<b>Abb. 3:<\/b> Mikroskopaufnahme einer Vorratsmilbe <br><i>Bildquelle: Dr. Regina Wagner<\/i>\n\t\t\t\t\t<\/dd><\/dl><br style=\"clear: both\" \/><dl class='gallery-item'>\n\t\t\t\t<dt class='gallery-icon landscape'>\n\t\t\t\t\t<a class=\"rollover rollover-zoom dt-pswp-item\" title=\"\" data-dt-img-description=\"LABOKLIN aktuell Pferd | &lt;b&gt;Abb. 4:&lt;\/b&gt; Pferd auf der Weide &lt;br&gt;&lt;i&gt;Bildquelle: Envato Elements&lt;\/i&gt;\" data-large_image_width=\"1200\" data-large_image_height=\"800\"href='https:\/\/laboklin.de\/wp-content\/uploads\/2021\/09\/Pferd_auf_Weide.jpg'><img loading=\"lazy\" decoding=\"async\" width=\"1024\" height=\"683\" src=\"https:\/\/laboklin.de\/wp-content\/uploads\/2021\/09\/Pferd_auf_Weide-1024x683.jpg\" class=\"attachment-large size-large\" alt=\"Pferd auf der Weide\" aria-describedby=\"gallery-1-1494878\" srcset=\"https:\/\/laboklin.de\/wp-content\/uploads\/2021\/09\/Pferd_auf_Weide-1024x683.jpg 1024w, https:\/\/laboklin.de\/wp-content\/uploads\/2021\/09\/Pferd_auf_Weide-300x200.jpg 300w, https:\/\/laboklin.de\/wp-content\/uploads\/2021\/09\/Pferd_auf_Weide-768x512.jpg 768w, https:\/\/laboklin.de\/wp-content\/uploads\/2021\/09\/Pferd_auf_Weide.jpg 1200w\" sizes=\"auto, (max-width: 1024px) 100vw, 1024px\" \/><\/a>\n\t\t\t\t<\/dt>\n\t\t\t\t\t<dd class='wp-caption-text gallery-caption' id='gallery-1-1494878'>\n\t\t\t\t\t<b>Abb. 4:<\/b> Pferd auf der Weide <br><i>Bildquelle: Envato Elements<\/i>\n\t\t\t\t\t<\/dd><\/dl><br style=\"clear: both\" \/><dl class='gallery-item'>\n\t\t\t\t<dt class='gallery-icon landscape'>\n\t\t\t\t\t<a class=\"rollover rollover-zoom dt-pswp-item\" title=\"\" data-dt-img-description=\"LABOKLIN aktuell Pferd | &lt;b&gt;Abb. 5:&lt;\/b&gt; ASIT-L\u00f6sung (Starter-Set) &lt;br&gt;&lt;i&gt;Bildquelle: Laboklin&lt;\/i&gt;\" data-large_image_width=\"1170\" data-large_image_height=\"780\"href='https:\/\/laboklin.de\/wp-content\/uploads\/2021\/09\/ASIT-Loesung-Starter-Set.jpg'><img loading=\"lazy\" decoding=\"async\" width=\"1024\" height=\"683\" src=\"https:\/\/laboklin.de\/wp-content\/uploads\/2021\/09\/ASIT-Loesung-Starter-Set-1024x683.jpg\" class=\"attachment-large size-large\" alt=\"Laboklin: ASIT-L\u00f6sung (Starter-Set)\" aria-describedby=\"gallery-1-1325272\" srcset=\"https:\/\/laboklin.de\/wp-content\/uploads\/2021\/09\/ASIT-Loesung-Starter-Set-1024x683.jpg 1024w, https:\/\/laboklin.de\/wp-content\/uploads\/2021\/09\/ASIT-Loesung-Starter-Set-300x200.jpg 300w, https:\/\/laboklin.de\/wp-content\/uploads\/2021\/09\/ASIT-Loesung-Starter-Set-768x512.jpg 768w, https:\/\/laboklin.de\/wp-content\/uploads\/2021\/09\/ASIT-Loesung-Starter-Set.jpg 1170w\" sizes=\"auto, (max-width: 1024px) 100vw, 1024px\" \/><\/a>\n\t\t\t\t<\/dt>\n\t\t\t\t\t<dd class='wp-caption-text gallery-caption' id='gallery-1-1325272'>\n\t\t\t\t\t<b>Abb. 5:<\/b> ASIT-L\u00f6sung (Starter-Set) <br><i>Bildquelle: Laboklin<\/i>\n\t\t\t\t\t<\/dd><\/dl><br style=\"clear: both\" \/>\n\t\t\t<\/div>\n\n<p>[\/vc_column_text][\/vc_column][\/vc_row][vc_row type=&#8220;vc_default&#8220; css=&#8220;.vc_custom_1613991659864{margin-top: 10px !important;}&#8220;][vc_column][vc_column_text css=&#8220;&#8220;]<\/p>\n<h2>Therapie<\/h2>\n<p>Bei vielen F\u00e4llen von allergischen Erkrankungen bietet die Allergen-spezifische Immuntherapie (ASIT, Hyposensibilisierung) eine effektive Behandlungsm\u00f6glichkeit. Diese Therapieform ist bereits seit dem 19. Jahrhundert bekannt. Aus jenen Allergenen, auf welche das Tier im Allergietest positive Reaktionen gezeigt hat, wird speziell f\u00fcr dieses Pferd eine individuelle Therapiel\u00f6sung hergestellt. Grunds\u00e4tzlich wird eine ASIT immer dann empfohlen, wenn die Beschwerden des Tieres mehr als vier Monate im Jahr andauern. Bei saisonalem Geschehen beginnt man am Ende der Saison. Der Allergietest wird jedoch in der Saison oder kurz nach der Saison durchgef\u00fchrt.<\/p>\n<p>Die Auswahl der Allergene sollte sich an den Krankheitssymptomen orientieren.<\/p>\n<p>Folgende Allergene werden f\u00fcr die Therapie ausgew\u00e4hlt:<\/p>\n<ol>\n<li>diejenigen, welche im Allergietest positiv reagiert haben (unabh\u00e4ngig von der St\u00e4rke der Reaktion),<\/li>\n<li>jene Allergene, welche mit dem Vorbericht und den klinischen Symptomen korrelieren,<\/li>\n<li>Allergene, die auch vorberichtlich bzw. nachweislich in der Umgebung des Tieres vorkommen.<\/li>\n<li>Da die Allergenanzahl f\u00fcr die Therapie meist limitiert ist, wird entsprechend der Kreuzreaktionen jeweils ein repr\u00e4sentatives Allergen aus der kreuzreagierenden Gruppe oder eine kreuzreagierende Mischung verwendet.<\/li>\n<li style=\"list-style-type: none;\"><\/li>\n<\/ol>\n<p>Zu Beginn der Therapie ist oftmals eine begleitende Behandlung mit anderen Medikamenten erforderlich, damit die respiratorische Symptomatik f\u00fcr das Tier ertr\u00e4glich bleibt. Sollte der Einsatz dieser symptomunterdr\u00fcckenden Medikamente notwendig sein, dann empfiehlt es sich, diese Medikamente so niedrig wie m\u00f6glich zu dosieren, um sicher zu stellen, dass man gerade zu Beginn der ASIT die Symptome nicht ganz unterdr\u00fcckt, sondern nur lindert. Denn der Grad der Beschwerden des Patienten ist ein wichtiger Indikator, der dazu dient, bei Bedarf den Therapieplan der ASIT anpassen zu k\u00f6nnen.<\/p>\n<p>Bei der \u00fcblicherweise angewandten subkutanen ASIT erfolgt die Injektion anfangs in w\u00f6chentlichen Abst\u00e4nden, sp\u00e4ter werden die Intervalle bis hin zu monatlichen Injektionen deutlich verl\u00e4ngert. Begonnen wird die Therapie mit einem stark verd\u00fcnnten Allergenextrakt und dann sp\u00e4ter mit einem st\u00e4rker konzentrierten fortgesetzt. Das Tier soll hierdurch eine gesteigerte Toleranz gegen\u00fcber den injizierten Allergenen entwickeln, damit es nicht mehr zu den bekannten klinischen Symptomen \u2013 ausgel\u00f6st durch eine \u00fcberschie\u00dfende Reaktion des Immunsystems \u2013 kommt. Die ASIT ist die einzige Therapie, die kausal ins Krankheitsgeschehen eingreift. In der Veterin\u00e4rmedizin wird bei einem guten Ansprechen auf diese Therapie empfohlen, sie lebenslang fortzuf\u00fchren, da Allergien nicht heilbar sind und die Erfahrung gezeigt hat, dass nach dem Absetzen der Therapie h\u00e4ufig innerhalb von sp\u00e4testens 1 \u2013 2 Jahren mit einem erneuten Auftreten der Symptome zu rechnen ist. Eine regelm\u00e4\u00dfige klinische Kontrolle der Therapie durch den behandelnden Tierarzt ist zu empfehlen, da vereinzelt Anpassungen in Bezug auf Injektionsintervall und\/oder -dosis notwendig werden k\u00f6nnen.<\/p>\n<p>F\u00fcr den Tierbesitzer ist der Erfolg einer Therapie entscheidend. Eigene Untersuchungen von Pferden mit allergischen Atemwegserkrankungen ergaben, dass bei \u00fcber 80 % der erfassten Patienten eine sehr gute bis deutliche Besserung der klinischen Symptomatik erzielt werden konnte. Bei einem Therapiebeginn innerhalb der ersten 2 Jahre nach Auftreten erster Krankheitserscheinungen konnten diese Erfolgsaussichten sogar auf 86 % erh\u00f6ht werden.<\/p>\n<table>\n<tbody>\n<tr style=\"color: #ffffff;\" bgcolor=\"e51e1e\">\n<td width=\"121\"><strong>Symptom<\/strong><\/td>\n<td width=\"104\"><strong>Erfolg ASIT<\/strong><\/td>\n<\/tr>\n<tr>\n<td width=\"121\">Atemwegserkr.<\/td>\n<td width=\"104\">80%<\/td>\n<\/tr>\n<tr>\n<td width=\"121\">Atemwegserkr. Innerhalb v. 2J<\/td>\n<td width=\"104\">86%<\/td>\n<\/tr>\n<\/tbody>\n<\/table>\n<p>&nbsp;<\/p>\n<p>Das hei\u00dft gerade bei Pferden mit Atemwegsproblematik, welche sogar h\u00e4ufig durch diese Erkrankung unreitbar werden, ist die ASIT eine extrem Erfolg versprechende Therapie.<\/p>\n<p>Au\u00dferdem sollte beachtet werden, dass allen allergischen Geschehen eine genetische Komponente zugrunde liegt, d.h. betroffene Tiere sollten von der Zucht ausgeschlossen werden, was besonders f\u00fcr Zuchthengste mit einer hohen Anzahl an Nachkommen von gro\u00dfer Bedeutung ist.<\/p>\n<p style=\"text-align: right;\"><em>Dr. Regina Wagner<\/em><\/p>\n<p>[\/vc_column_text][\/vc_column][\/vc_row][vc_row type=&#8220;vc_default&#8220; gap=&#8220;10&#8243; equal_height=&#8220;yes&#8220; content_placement=&#8220;middle&#8220; css=&#8220;.vc_custom_1732183184626{margin-top: 30px !important;}&#8220;][vc_column width=&#8220;1\/6&#8243; css=&#8220;.vc_custom_1732183199233{background-color: #e7e7e7 !important;}&#8220;][vc_icon icon_fontawesome=&#8220;fas fa-file-pdf&#8220; color=&#8220;custom&#8220; size=&#8220;xl&#8220; align=&#8220;center&#8220; css=&#8220;.vc_custom_1732185192120{margin-top: 10px !important;margin-bottom: 10px !important;padding-top: 20px !important;padding-bottom: 20px !important;}&#8220; custom_color=&#8220;#e51e1e&#8220; link=&#8220;url:https%3A%2F%2Flaboklin.de%2Fwp-content%2Fuploads%2F2021%2F09%2FLA_Pferd_September_2021_DE_FINAL.pdf|target:_blank&#8220;][\/vc_column][vc_column width=&#8220;5\/6&#8243; css=&#8220;.vc_custom_1732185140791{background-color: #e7e7e7 !important;}&#8220;][vc_column_text css=&#8220;.vc_custom_1732185153057{margin-top: 10px !important;margin-bottom: 10px !important;padding-top: 20px !important;padding-bottom: 20px !important;}&#8220;]<a href=\"https:\/\/laboklin.de\/wp-content\/uploads\/2021\/09\/LA_Pferd_September_2021_DE_FINAL.pdf\" target=\"_blank\" rel=\"noopener\"><strong>Allergisch bedingte Atemwegssymptomatik beim Pferd <\/strong><\/a>[\/vc_column_text][\/vc_column][\/vc_row]<\/p>\n<\/div>","protected":false},"excerpt":{"rendered":"<p>K\u00fcrzlich wurde die Nomenklatur der equinen Atemwegserkrankungen \u00fcberarbeitet&#8230;<\/p>\n","protected":false},"author":1,"featured_media":1325270,"comment_status":"closed","ping_status":"closed","sticky":false,"template":"","format":"standard","meta":{"_seopress_robots_primary_cat":"none","_seopress_titles_title":"","_seopress_titles_desc":"","_seopress_robots_index":"","footnotes":""},"categories":[507],"tags":[],"class_list":["post-1337022","post","type-post","status-publish","format-standard","has-post-thumbnail","hentry","category-laboklin-aktuell-pferd-2021-de-at","category-507","description-off"],"_links":{"self":[{"href":"https:\/\/laboklin.de\/de-at\/wp-json\/wp\/v2\/posts\/1337022","targetHints":{"allow":["GET"]}}],"collection":[{"href":"https:\/\/laboklin.de\/de-at\/wp-json\/wp\/v2\/posts"}],"about":[{"href":"https:\/\/laboklin.de\/de-at\/wp-json\/wp\/v2\/types\/post"}],"author":[{"embeddable":true,"href":"https:\/\/laboklin.de\/de-at\/wp-json\/wp\/v2\/users\/1"}],"replies":[{"embeddable":true,"href":"https:\/\/laboklin.de\/de-at\/wp-json\/wp\/v2\/comments?post=1337022"}],"version-history":[{"count":4,"href":"https:\/\/laboklin.de\/de-at\/wp-json\/wp\/v2\/posts\/1337022\/revisions"}],"predecessor-version":[{"id":1494895,"href":"https:\/\/laboklin.de\/de-at\/wp-json\/wp\/v2\/posts\/1337022\/revisions\/1494895"}],"wp:featuredmedia":[{"embeddable":true,"href":"https:\/\/laboklin.de\/de-at\/wp-json\/wp\/v2\/media\/1325270"}],"wp:attachment":[{"href":"https:\/\/laboklin.de\/de-at\/wp-json\/wp\/v2\/media?parent=1337022"}],"wp:term":[{"taxonomy":"category","embeddable":true,"href":"https:\/\/laboklin.de\/de-at\/wp-json\/wp\/v2\/categories?post=1337022"},{"taxonomy":"post_tag","embeddable":true,"href":"https:\/\/laboklin.de\/de-at\/wp-json\/wp\/v2\/tags?post=1337022"}],"curies":[{"name":"wp","href":"https:\/\/api.w.org\/{rel}","templated":true}]}}