{"id":1336948,"date":"2022-03-08T17:33:00","date_gmt":"2022-03-08T16:33:00","guid":{"rendered":"https:\/\/laboklin.de\/hervorragende-noten-fuer-auszubildende-bei-laboklin-in-bad-kissingen\/"},"modified":"2022-03-08T17:33:00","modified_gmt":"2022-03-08T16:33:00","slug":"hervorragende-noten-fuer-auszubildende-bei-laboklin-in-bad-kissingen","status":"publish","type":"post","link":"https:\/\/laboklin.de\/de-at\/hervorragende-noten-fuer-auszubildende-bei-laboklin-in-bad-kissingen\/","title":{"rendered":"Hervorragende Noten f\u00fcr Auszubildende bei Laboklin in Bad Kissingen"},"content":{"rendered":"<div class=\"wpb-content-wrapper\"><p>[vc_row][vc_column][vc_column_text]<\/p>\n<blockquote><p>inFranken.de | 08.03.2022<\/p><\/blockquote>\n<h3><\/h3>\n<p><strong><br \/>\nDas Unternehmen, das mittlerweile \u00fcber 600 Mitarbeiter z\u00e4hlt, bietet jedem Azubi nach Abschluss der Ausbildung schon seit Jahren die \u00dcbernahme in ein Arbeitsverh\u00e4ltnis an. Warum das so viele annehmen.<br \/>\n<\/strong><\/p>\n<p>[\/vc_column_text][\/vc_column][\/vc_row][vc_row type=&#8220;vc_default&#8220; css=&#8220;.vc_custom_1635328333801{margin-top: 20px !important;}&#8220;][vc_column width=&#8220;1\/2&#8243; css=&#8220;.vc_custom_1646811472947{margin-bottom: 20px !important;}&#8220;][vc_column_text css=&#8220;.vc_custom_1646811551195{margin-bottom: 20px !important;}&#8220;]F\u00fcnf Auszubildende haben vor Kurzem erfolgreich ihre Ausbildung beim veterin\u00e4rmedizinischen Diagnostiklabor Laboklin abgeschlossen. Im Ausbildungsberuf Kaufmann\/frau f\u00fcr B\u00fcromanagement kann sich Nina Friedel mit einem Notendurchschnitt von 1,5 \u00fcber ein hervorragendes Ausbildungsergebnis freuen: sie wurde von der\u00a0<a class=\"enriched\" href=\"https:\/\/www.infranken.de\/organisation\/regierung-von-unterfranken\/\">Regierung von Unterfranken<\/a>\u00a0f\u00fcr ihren hervorragenden Abschluss der Berufsschule geehrt. Zudem d\u00fcrfen sich Jonas Anderson (zweiter Klassenbester Berufsschule), Manuel Beck, Franz Dobmann (Klassenbester Berufsschule) und Linda Holzinger nun offiziell Biologielaborant\/in nennen. Dar\u00fcber informierte das Unternehmen jetzt die Presse.[\/vc_column_text][vc_single_image image=&#8220;1315071&#8243; img_size=&#8220;full&#8220; add_caption=&#8220;yes&#8220; onclick=&#8220;link_image&#8220;][vc_column_text css=&#8220;.vc_custom_1646811340843{margin-top: 20px !important;}&#8220;]<\/p>\n<h6><span style=\"color: #666699;\"><em>Elisabeth M\u00fcller (Gesch\u00e4ftsleitung; Vierte von links) und Fabienne B\u00fcchner (Personalabteilung; Dritte von links) freuen sich mit den ehemaligen Azubis \u00fcber den erfolgreichen Abschluss ihrer Ausbildung.<\/em><\/span><\/h6>\n<h6 style=\"text-align: left;\"><span style=\"color: #999999;\"><strong>Foto:\u00a0<\/strong>Florian Hanft\/Laboklin<\/span><\/h6>\n<p>[\/vc_column_text][\/vc_column][vc_column width=&#8220;1\/2&#8243; css=&#8220;.vc_custom_1635328467235{margin-left: -20px !important;}&#8220;][vc_column_text]Dr.\u00a0<a class=\"enriched\" href=\"https:\/\/www.infranken.de\/person\/elisabeth-mueller\/\">Elisabeth M\u00fcller<\/a>, Eigent\u00fcmerin und Gesch\u00e4ftsf\u00fchrerin von Laboklin, w\u00fcnschte viel Erfolg f\u00fcr das weitere Berufsleben und dankte f\u00fcr das Durchhalteverm\u00f6gen in schwierigen Zeiten &#8211; denn gerade durch die mit der Coronapandemie verbundenen Einschr\u00e4nkungen seien die Lernbedingungen alles andere als optimal gewesen. Diese Bew\u00e4hrungsprobe h\u00e4tten die Auszubildenden in ganz beeindruckender Weise gemeistert, die guten Leistungen spr\u00e4chen B\u00e4nde.<\/p>\n<p>&#8222;Ich bin besonders stolz darauf, dass Sie weiterhin unserer Laborgemeinschaft erhalten bleiben. Ausgebildete Fachkr\u00e4fte sind ein wichtiges Gut f\u00fcr uns, daher ist es auch generell so wichtig, dass wir eigenen Nachwuchs ausbilden&#8220;, so Dr. M\u00fcller in einer kurzen, coronakonformen Feierrunde. Das Unternehmen, das mittlerweile \u00fcber 600 Mitarbeiter z\u00e4hlt, biete jedem Azubi nach Abschluss der Ausbildung schon seit Jahren die \u00dcbernahme in ein Arbeitsverh\u00e4ltnis an. Der Gro\u00dfteil der Ausgelernten entscheide sich erfreulicherweise auch f\u00fcr den Verbleib im Unternehmen. &#8222;Ein gutes Zeichen, dass es f\u00fcr die meisten passt und sie sich bei uns wohlf\u00fchlen&#8220;, res\u00fcmiert Dr. M\u00fcller.<\/p>\n<p>Aktuell bildet das Labor 39 junge Leute aus. Bewerbungen f\u00fcr den Ausbildungsstart August 2023 sind ab September 2022 m\u00f6glich. Weitere Einzelheiten zu den Ausbildungsberufen im Bereich Labor, B\u00fcro und IT gibt es<strong>\u00a0<a class=\"external-link-new-window\" title=\"Ausbildungspl\u00e4tze bei Laboklin\" href=\"https:\/\/laboklin.de\/de-at\/start-karriere-bei-laboklin\/ausbildung\/\" target=\"_blank\" rel=\"noopener nofollow\">hier\u00a0<\/a>.<\/strong>[\/vc_column_text][\/vc_column][\/vc_row]<\/p>\n<\/div>","protected":false},"excerpt":{"rendered":"<p>Das Unternehmen, das mittlerweile \u00fcber 600 Mitarbeiter z\u00e4hlt, bietet jedem Azubi nach Abschluss&#8230;<\/p>\n","protected":false},"author":1,"featured_media":1328845,"comment_status":"closed","ping_status":"closed","sticky":false,"template":"","format":"standard","meta":{"_seopress_robots_primary_cat":"none","_seopress_titles_title":"","_seopress_titles_desc":"","_seopress_robots_index":"","footnotes":""},"categories":[262],"tags":[],"class_list":["post-1336948","post","type-post","status-publish","format-standard","has-post-thumbnail","hentry","category-presse-2022-de-at","category-262","description-off"],"_links":{"self":[{"href":"https:\/\/laboklin.de\/de-at\/wp-json\/wp\/v2\/posts\/1336948","targetHints":{"allow":["GET"]}}],"collection":[{"href":"https:\/\/laboklin.de\/de-at\/wp-json\/wp\/v2\/posts"}],"about":[{"href":"https:\/\/laboklin.de\/de-at\/wp-json\/wp\/v2\/types\/post"}],"author":[{"embeddable":true,"href":"https:\/\/laboklin.de\/de-at\/wp-json\/wp\/v2\/users\/1"}],"replies":[{"embeddable":true,"href":"https:\/\/laboklin.de\/de-at\/wp-json\/wp\/v2\/comments?post=1336948"}],"version-history":[{"count":0,"href":"https:\/\/laboklin.de\/de-at\/wp-json\/wp\/v2\/posts\/1336948\/revisions"}],"wp:featuredmedia":[{"embeddable":true,"href":"https:\/\/laboklin.de\/de-at\/wp-json\/wp\/v2\/media\/1328845"}],"wp:attachment":[{"href":"https:\/\/laboklin.de\/de-at\/wp-json\/wp\/v2\/media?parent=1336948"}],"wp:term":[{"taxonomy":"category","embeddable":true,"href":"https:\/\/laboklin.de\/de-at\/wp-json\/wp\/v2\/categories?post=1336948"},{"taxonomy":"post_tag","embeddable":true,"href":"https:\/\/laboklin.de\/de-at\/wp-json\/wp\/v2\/tags?post=1336948"}],"curies":[{"name":"wp","href":"https:\/\/api.w.org\/{rel}","templated":true}]}}