{"id":1336806,"date":"2022-12-16T17:46:41","date_gmt":"2022-12-16T16:46:41","guid":{"rendered":"https:\/\/laboklin.de\/fuer-sie-gelesen-50kw\/"},"modified":"2022-12-16T17:46:41","modified_gmt":"2022-12-16T16:46:41","slug":"fuer-sie-gelesen-50kw","status":"publish","type":"post","link":"https:\/\/laboklin.de\/de-at\/fuer-sie-gelesen-50kw\/","title":{"rendered":"50. KW"},"content":{"rendered":"<div class=\"wpb-content-wrapper\"><p>[vc_row][vc_column][vc_column_text]<\/p>\n<h3>Gefl\u00fcgelpest<\/h3>\n<p>In verschiedenen Bundesl\u00e4ndern steigen die Fallzahlen, getriggert durch Gefl\u00fcgelschauen. Angesichts dessen warnt das Friedrich-Loeffler-Institut (FLI) erneut vor der aktuell hohen Eintragsgefahr:[\/vc_column_text]<style type=\"text\/css\" data-type=\"the7_shortcodes-inline-css\">#default-btn-51e66c1c153460aa135aba59449ff547.ico-right-side > i {\n  margin-right: 0px;\n  margin-left: 8px;\n}\n#default-btn-51e66c1c153460aa135aba59449ff547 > i {\n  margin-right: 8px;\n}<\/style><a href=\"http:\/\/FLI | Steigende Fallzahlen bei Gefl\u00fcgelpest durch Gefl\u00fcgelschauen\" class=\"default-btn-shortcode dt-btn dt-btn-m link-hover-off btn-inline-left  vc_custom_1673513164146\" target=\"_blank\" id=\"default-btn-51e66c1c153460aa135aba59449ff547\" title=\"Steigende Fallzahlen bei Gefl\u00fcgelpest durch Gefl\u00fcgelschauen\" rel=\"noopener\"><span>FLI | Steigende Fallzahlen bei Gefl\u00fcgelpest durch Gefl\u00fcgelschauen<\/span><\/a>[vc_separator color=&#8220;custom&#8220; align=&#8220;align_left&#8220; el_width=&#8220;80&#8243; accent_color=&#8220;#e51e1e&#8220; css=&#8220;.vc_custom_1667814746487{margin-top: 10px !important;margin-bottom: 20px !important;}&#8220;][vc_column_text]<\/p>\n<h3>Subventioniertes Tierleid<\/h3>\n<p>Selbst nach Verurteilungen wegen Verst\u00f6\u00dfen gegen das Tierschutzgesetz flie\u00dfen F\u00f6rdergelder munter weiter. Dies ergab eine Recherche von NDR, WDR und \u201eS\u00fcddeutscher Zeitung\u201c, \u00fcber die die Tagesschau online berichtet:[\/vc_column_text]<style type=\"text\/css\" data-type=\"the7_shortcodes-inline-css\">#default-btn-9e63d800a1f97a163006d67818c9baec.ico-right-side > i {\n  margin-right: 0px;\n  margin-left: 8px;\n}\n#default-btn-9e63d800a1f97a163006d67818c9baec > i {\n  margin-right: 8px;\n}<\/style><a href=\"https:\/\/www.tagesschau.de\/investigativ\/ndr-wdr\/eu-agrarsubventionen-tierquaelerei-101.html\" class=\"default-btn-shortcode dt-btn dt-btn-m link-hover-off btn-inline-left  vc_custom_1673514490400\" target=\"_blank\" id=\"default-btn-9e63d800a1f97a163006d67818c9baec\" title=\"tagesschau | Auch Tierqu\u00e4ler erhalten Subventionen\" rel=\"noopener\"><span>tagesschau | Auch Tierqu\u00e4ler erhalten Subventionen<\/span><\/a>[vc_separator color=&#8220;custom&#8220; align=&#8220;align_left&#8220; el_width=&#8220;80&#8243; accent_color=&#8220;#e51e1e&#8220; css=&#8220;.vc_custom_1658130341326{margin-top: 10px !important;margin-bottom: 20px !important;}&#8220;][vc_column_text]<\/p>\n<h3>Erfolgreich mit Toxoplasmen<\/h3>\n<p>Mit <em>Toxoplasma gondii<\/em> infizierte W\u00f6lfe haben bessere (sogar ausgezeichnete!) Chancen auf Rudelf\u00fchrung und Reproduktion als nicht infizierte Tiere. Faszinierende Erkenntnisse \u00fcber Verhaltens\u00e4nderungen bei W\u00f6lfen durch diesen Parasiten liefert eine Studie der University of Montana, \u00fcber die nature online berichtet:[\/vc_column_text]<style type=\"text\/css\" data-type=\"the7_shortcodes-inline-css\">#default-btn-c02686f1fda8c707cf1fda949e85aa06.ico-right-side > i {\n  margin-right: 0px;\n  margin-left: 8px;\n}\n#default-btn-c02686f1fda8c707cf1fda949e85aa06 > i {\n  margin-right: 8px;\n}<\/style><a href=\"https:\/\/www.nature.com\/articles\/d41586-022-03836-9\" class=\"default-btn-shortcode dt-btn dt-btn-m link-hover-off btn-inline-left  vc_custom_1673514749125\" target=\"_blank\" id=\"default-btn-c02686f1fda8c707cf1fda949e85aa06\" title=\"nature | Parasite gives wolves what it takes to be pack leaders\" rel=\"noopener\"><span>ENG | nature | Parasite gives wolves what it takes to be pack leaders<\/span><\/a>[vc_separator color=&#8220;custom&#8220; align=&#8220;align_left&#8220; el_width=&#8220;80&#8243; accent_color=&#8220;#e51e1e&#8220; css=&#8220;.vc_custom_1667814746487{margin-top: 10px !important;margin-bottom: 20px !important;}&#8220;][vc_column_text]<\/p>\n<h3>Der Influenza auf der Spur \u2013 wer macht mit?<\/h3>\n<p>Wie h\u00e4ufig springen Grippeviren zwischen Menschen und Schweinen hin und her? Das Friedrich-Loeffler-Institut (FLI) sucht f\u00fcr eine entsprechende Studie Teilnehmer, die regelm\u00e4\u00dfig mit Hausschweinen Kontakt haben. Details finden Interessierte auf der Webseite des FLI:[\/vc_column_text]<style type=\"text\/css\" data-type=\"the7_shortcodes-inline-css\">#default-btn-4e107da93f124d28ce254ab83b39f4ef.ico-right-side > i {\n  margin-right: 0px;\n  margin-left: 8px;\n}\n#default-btn-4e107da93f124d28ce254ab83b39f4ef > i {\n  margin-right: 8px;\n}<\/style><a href=\"https:\/\/www.fli.de\/de\/aktuelles\/kurznachrichten\/neues-einzelansicht\/studie-zu-influenzaviren-bei-hausschweinen-wer-unterstuetzt-das-fli\/\" class=\"default-btn-shortcode dt-btn dt-btn-m link-hover-off btn-inline-left  vc_custom_1673514993960\" target=\"_blank\" id=\"default-btn-4e107da93f124d28ce254ab83b39f4ef\" title=\"FLI |  Studie zu Influenzaviren bei Hausschweinen\" rel=\"noopener\"><span>FLI | Studie zu Influenzaviren bei Hausschweinen<\/span><\/a>[vc_separator color=&#8220;custom&#8220; align=&#8220;align_left&#8220; el_width=&#8220;80&#8243; accent_color=&#8220;#e51e1e&#8220; css=&#8220;.vc_custom_1658130341326{margin-top: 10px !important;margin-bottom: 20px !important;}&#8220;][\/vc_column][\/vc_row][vc_row][vc_column][\/vc_column][\/vc_row]<\/p>\n<\/div>","protected":false},"excerpt":{"rendered":"<p>+ Gefl\u00fcgelpest<br \/>\n+ Subventioniertes Tierleid<br \/>\n+ Erfolgreich mit Toxoplasmen <br \/>\n+ Der Influenza auf der Spur \u2013 wer macht mit?<\/p>\n","protected":false},"author":1,"featured_media":1332465,"comment_status":"closed","ping_status":"closed","sticky":false,"template":"","format":"standard","meta":{"_seopress_robots_primary_cat":"none","_seopress_titles_title":"","_seopress_titles_desc":"","_seopress_robots_index":"","footnotes":""},"categories":[246],"tags":[],"class_list":["post-1336806","post","type-post","status-publish","format-standard","has-post-thumbnail","hentry","category-sonder-news-de-at","category-246","description-off"],"_links":{"self":[{"href":"https:\/\/laboklin.de\/de-at\/wp-json\/wp\/v2\/posts\/1336806","targetHints":{"allow":["GET"]}}],"collection":[{"href":"https:\/\/laboklin.de\/de-at\/wp-json\/wp\/v2\/posts"}],"about":[{"href":"https:\/\/laboklin.de\/de-at\/wp-json\/wp\/v2\/types\/post"}],"author":[{"embeddable":true,"href":"https:\/\/laboklin.de\/de-at\/wp-json\/wp\/v2\/users\/1"}],"replies":[{"embeddable":true,"href":"https:\/\/laboklin.de\/de-at\/wp-json\/wp\/v2\/comments?post=1336806"}],"version-history":[{"count":0,"href":"https:\/\/laboklin.de\/de-at\/wp-json\/wp\/v2\/posts\/1336806\/revisions"}],"wp:featuredmedia":[{"embeddable":true,"href":"https:\/\/laboklin.de\/de-at\/wp-json\/wp\/v2\/media\/1332465"}],"wp:attachment":[{"href":"https:\/\/laboklin.de\/de-at\/wp-json\/wp\/v2\/media?parent=1336806"}],"wp:term":[{"taxonomy":"category","embeddable":true,"href":"https:\/\/laboklin.de\/de-at\/wp-json\/wp\/v2\/categories?post=1336806"},{"taxonomy":"post_tag","embeddable":true,"href":"https:\/\/laboklin.de\/de-at\/wp-json\/wp\/v2\/tags?post=1336806"}],"curies":[{"name":"wp","href":"https:\/\/api.w.org\/{rel}","templated":true}]}}